{"id":100,"date":"2014-10-04T18:31:00","date_gmt":"2014-10-04T18:31:00","guid":{"rendered":"https:\/\/caderefamale.it\/2014\/10\/04\/visita-nel-passato\/"},"modified":"2014-10-04T18:31:00","modified_gmt":"2014-10-04T18:31:00","slug":"visita-nel-passato","status":"publish","type":"post","link":"https:\/\/caderefamale.it\/?p=100","title":{"rendered":"Visita nel passato"},"content":{"rendered":"<div dir=\"ltr\" style=\"text-align: left;\">Settimana scorsa fra le mille cose fatte e km macinati ho scelto di passare a visitare il passato.<\/p>\n<div><\/div>\n<div>Ero in Veneto, dove ho lavorato magnificamente per anni, dove l&#8217;azienda era famiglia, dove sono cresciuta e dove avrei voluto restare.<\/div>\n<div><\/div>\n<div>Tante stupide piccole cose mi hanno fatto scegliere di andare via, di cambiare lavoro, citt\u00e0 e vita.<\/div>\n<div>Dopo poche settimane avevo gi\u00e0 capito che era stata la scelta sbagliata ma non me la sono sentita di tornare.<\/div>\n<div>La frattura aveva fatto troppo male a me e a loro, come un divorzio.<\/div>\n<div><\/div>\n<div>La sede \u00e8 cambiata, lo stabile non \u00e8 pi\u00f9 lo stesso ma lo spirito si.<\/div>\n<div>Entrare non riconoscendo pi\u00f9 nessuno \u00e8 stato strano.<\/div>\n<div>Entrare riconoscendo quadri, oggetti, prodotti, abitudini \u00e8 stato emozionante.<\/div>\n<div>Ho riconosciuto il tappetino d&#8217;ingresso della vecchia sede che ora \u00e8 all&#8217;ingresso del magazzino, quelle cose che solo uno di famiglia nota.<\/div>\n<div>Ho fatto il giro fra gli uffici nuovi, nella sala riunioni, ho visto quello che sarebbe stato il mio spazio se non avessi divorziato.<\/div>\n<div>Ho abbracciato uno dei miei vecchi capi, abbiamo chiacchierato e riso.<\/div>\n<div><\/div>\n<div>Mi mancheranno sempre, le nostre strade sono divise ma l&#8217;affetto che provo \u00e8 forte.<\/div>\n<div><\/div>\n<div>Micol Morelli aspassonelpassato<\/div>\n<div><\/div>\n<div>caderefamale.blogspot.it<\/div>\n<div><\/div>\n<div><\/div>\n<\/div>\n","protected":false},"excerpt":{"rendered":"<p>Settimana scorsa fra le mille cose fatte e km macinati ho scelto di passare a visitare il passato. Ero in Veneto, dove ho lavorato magnificamente per anni, dove l&#8217;azienda era famiglia, dove sono cresciuta e dove avrei voluto<\/p>\n","protected":false},"author":2,"featured_media":0,"comment_status":"open","ping_status":"open","sticky":false,"template":"","format":"standard","meta":{"_jetpack_newsletter_access":"","_jetpack_dont_email_post_to_subs":false,"_jetpack_newsletter_tier_id":0,"_jetpack_memberships_contains_paywalled_content":false,"_jetpack_feature_clip_id":0,"_jetpack_memberships_contains_paid_content":false,"footnotes":"","jetpack_publicize_message":"","jetpack_publicize_feature_enabled":true,"jetpack_social_post_already_shared":false,"jetpack_social_options":{"image_generator_settings":{"template":"highway","default_image_id":0,"font":"","enabled":false},"version":2},"jetpack_post_was_ever_published":false},"categories":[3],"tags":[],"class_list":["post-100","post","type-post","status-publish","format-standard","hentry","category-ricordi"],"jetpack_publicize_connections":[],"jetpack_sharing_enabled":true,"jetpack_shortlink":"https:\/\/wp.me\/paarzV-1C","jetpack_featured_media_url":"","_links":{"self":[{"href":"https:\/\/caderefamale.it\/index.php?rest_route=\/wp\/v2\/posts\/100","targetHints":{"allow":["GET"]}}],"collection":[{"href":"https:\/\/caderefamale.it\/index.php?rest_route=\/wp\/v2\/posts"}],"about":[{"href":"https:\/\/caderefamale.it\/index.php?rest_route=\/wp\/v2\/types\/post"}],"author":[{"embeddable":true,"href":"https:\/\/caderefamale.it\/index.php?rest_route=\/wp\/v2\/users\/2"}],"replies":[{"embeddable":true,"href":"https:\/\/caderefamale.it\/index.php?rest_route=%2Fwp%2Fv2%2Fcomments&post=100"}],"version-history":[{"count":0,"href":"https:\/\/caderefamale.it\/index.php?rest_route=\/wp\/v2\/posts\/100\/revisions"}],"wp:attachment":[{"href":"https:\/\/caderefamale.it\/index.php?rest_route=%2Fwp%2Fv2%2Fmedia&parent=100"}],"wp:term":[{"taxonomy":"category","embeddable":true,"href":"https:\/\/caderefamale.it\/index.php?rest_route=%2Fwp%2Fv2%2Fcategories&post=100"},{"taxonomy":"post_tag","embeddable":true,"href":"https:\/\/caderefamale.it\/index.php?rest_route=%2Fwp%2Fv2%2Ftags&post=100"}],"curies":[{"name":"wp","href":"https:\/\/api.w.org\/{rel}","templated":true}]}}