{"id":107,"date":"2014-08-26T14:26:00","date_gmt":"2014-08-26T14:26:00","guid":{"rendered":"https:\/\/caderefamale.it\/2014\/08\/26\/compleanno\/"},"modified":"2014-08-26T14:26:00","modified_gmt":"2014-08-26T14:26:00","slug":"compleanno","status":"publish","type":"post","link":"https:\/\/caderefamale.it\/?p=107","title":{"rendered":"Compleanno"},"content":{"rendered":"<div dir=\"ltr\" style=\"text-align: left;\">Nel periodo in cui eravamo in vacanza c&#8217;era anche il compleanno del mio grande, la data del piccolo c&#8217;era gi\u00e0 stata ad inizio estate, la festa sar\u00e0 organizzata per comodit\u00e0 di tutti a Settembre.<\/p>\n<div><\/div>\n<div>Io credo che per ogni genitore il compleanno dei figlio sia una immensa gioia, che ti fa rivivere il giorno in cui \u00e8 nato e tutti i meravigliosi momenti che hai passato con lui.<\/div>\n<div>Il giorno del compleanno per un bimbo \u00e8 magico, veramente ogni giorno con loro \u00e8 magico.<\/div>\n<div><\/div>\n<div>Quindi avevo organizzato piccole cose essendo fuori sede:<\/div>\n<div>&#8211; risveglio con super coccole<\/div>\n<div>&#8211; elenco dei diritti del &#8220;Decenne&#8221;<\/div>\n<div>&#8211; stabilito che da quel giorno avrebbe avuto diritto ad essere chiamato &#8220;ragazzino&#8221;<\/div>\n<div>&#8211; regalo a sorpresa fra quelli che desiderava (il super regalo \u00e8 la visita al parco di Harry Potter)<\/div>\n<div>&#8211; lettera di accompagnamento in cui spiegavo quanto sono fiera di lui e di come sta crescendo<\/div>\n<div>&#8211; pranzo alla solita spiaggia nella solita taverna dove avevo commissionato la torta di compleanno<\/div>\n<div><\/div>\n<div>Tutto ci\u00f2 ha procurato tanta emozione in lui e in me. Dieci anni \u00e8 un traguardo importante.<\/div>\n<div><\/div>\n<div>L&#8217;Imbecille in tutto ci\u00f2?<\/div>\n<div>&#8230;.<\/div>\n<div>Nel momento del pranzo ora greca 14.30, il &#8220;ragazzino&#8221; ci guarda e ci dice:&nbsp;<\/div>\n<div>r- &#8220;Ma voi vi siete rese conto che mio padre non &nbsp;mi ha ancora fatto gli auguri del compleanno?&#8221;<\/div>\n<div>Io e mia madre ci guardiamo, avevamo fatto gi\u00e0 lo stesso pensiero..<\/div>\n<div>Io intervengo con &#8211; &#8220;Tesoro sai che il babbo ti vuole bene, questo \u00e8 assolutamente certo, fra poco si far\u00e0 sentire&#8221;<\/div>\n<div>r- &#8220;Gi\u00e0 sar\u00e0 occupatissimo in spiaggia con Barbie!&#8221;<\/div>\n<div>in quel momento si sente il bip del messaggio in ingresso del suo telefonino. Il messaggio dell&#8217;Imbecille dice:<\/div>\n<div>&#8220;Buon compleanno. Con tanto affetto dal tuo Babbo&#8221;<\/div>\n<div>Il Decenne ci guarda, io suggerisco di rispondere.. scrive &#8220;Grazie stiamo festeggiando&#8221;<\/div>\n<div>Risultato.. il nulla<\/div>\n<div>Non ha pensato di telefonare al figlio per fargli gli auguri a voce, in tutto il giorno, anche il giorno dopo, anche una settimana dopo..<\/div>\n<div><\/div>\n<div>Non si sono ancora visti.. l&#8217;ultima volta \u00e8 stato 25 giorni fa..<\/div>\n<div>O meglio..<br \/>tornati dopo qualche giorno siamo saliti in auto per andare a far la spesa, caso vuole che lui passasse in motorino a fianco dell&#8217;auto, non avevo ancora iniziato a fare manovra, non si \u00e8 neanche fermato a salutare i bimbi, non ha fatto neanche finta di salutare, ha fatto finta di non vederci.<\/p>\n<p>Micol Morelli senzaparole<br \/>caderefamale.blogspot.it<\/div>\n<div><\/div>\n<\/div>\n","protected":false},"excerpt":{"rendered":"<p>Nel periodo in cui eravamo in vacanza c&#8217;era anche il compleanno del mio grande, la data del piccolo c&#8217;era gi\u00e0 stata ad inizio estate, la festa sar\u00e0 organizzata per comodit\u00e0 di tutti a Settembre. Io credo che per<\/p>\n","protected":false},"author":2,"featured_media":0,"comment_status":"open","ping_status":"open","sticky":false,"template":"","format":"standard","meta":{"_jetpack_newsletter_access":"","_jetpack_dont_email_post_to_subs":false,"_jetpack_newsletter_tier_id":0,"_jetpack_memberships_contains_paywalled_content":false,"_jetpack_feature_clip_id":0,"_jetpack_memberships_contains_paid_content":false,"footnotes":"","jetpack_publicize_message":"","jetpack_publicize_feature_enabled":true,"jetpack_social_post_already_shared":false,"jetpack_social_options":{"image_generator_settings":{"template":"highway","default_image_id":0,"font":"","enabled":false},"version":2},"jetpack_post_was_ever_published":false},"categories":[14],"tags":[],"class_list":["post-107","post","type-post","status-publish","format-standard","hentry","category-imbecille"],"jetpack_publicize_connections":[],"jetpack_sharing_enabled":true,"jetpack_shortlink":"https:\/\/wp.me\/paarzV-1J","jetpack_featured_media_url":"","_links":{"self":[{"href":"https:\/\/caderefamale.it\/index.php?rest_route=\/wp\/v2\/posts\/107","targetHints":{"allow":["GET"]}}],"collection":[{"href":"https:\/\/caderefamale.it\/index.php?rest_route=\/wp\/v2\/posts"}],"about":[{"href":"https:\/\/caderefamale.it\/index.php?rest_route=\/wp\/v2\/types\/post"}],"author":[{"embeddable":true,"href":"https:\/\/caderefamale.it\/index.php?rest_route=\/wp\/v2\/users\/2"}],"replies":[{"embeddable":true,"href":"https:\/\/caderefamale.it\/index.php?rest_route=%2Fwp%2Fv2%2Fcomments&post=107"}],"version-history":[{"count":0,"href":"https:\/\/caderefamale.it\/index.php?rest_route=\/wp\/v2\/posts\/107\/revisions"}],"wp:attachment":[{"href":"https:\/\/caderefamale.it\/index.php?rest_route=%2Fwp%2Fv2%2Fmedia&parent=107"}],"wp:term":[{"taxonomy":"category","embeddable":true,"href":"https:\/\/caderefamale.it\/index.php?rest_route=%2Fwp%2Fv2%2Fcategories&post=107"},{"taxonomy":"post_tag","embeddable":true,"href":"https:\/\/caderefamale.it\/index.php?rest_route=%2Fwp%2Fv2%2Ftags&post=107"}],"curies":[{"name":"wp","href":"https:\/\/api.w.org\/{rel}","templated":true}]}}