{"id":112,"date":"2014-08-02T21:31:00","date_gmt":"2014-08-02T21:31:00","guid":{"rendered":"https:\/\/caderefamale.it\/2014\/08\/02\/stanno-ancora-ridendo\/"},"modified":"2014-08-02T21:31:00","modified_gmt":"2014-08-02T21:31:00","slug":"stanno-ancora-ridendo","status":"publish","type":"post","link":"https:\/\/caderefamale.it\/?p=112","title":{"rendered":"Stanno ancora ridendo"},"content":{"rendered":"<div dir=\"ltr\" style=\"text-align: left;\">Mio zio mi ha fatto avere delle vecchie foto anni &#8217;80 direi.<\/p>\n<div><\/div>\n<div>In una c&#8217;\u00e8 l&#8217;espressione della mia creativit\u00e0\/cretinit\u00e0:<\/div>\n<div>&#8211; carnevale<\/div>\n<div>&#8211; il mio abito da sacco di caff\u00e8<\/div>\n<div><\/div>\n<div>Stanno ancora ridendo&#8230; mi s\u00e0 che continueranno ancora un p\u00f2<\/div>\n<div><\/div>\n<div><\/div>\n<div style=\"clear: both; text-align: center;\"><a href=\"https:\/\/i0.wp.com\/2.bp.blogspot.com\/-t18o7zkqS8w\/U91XWkk0CcI\/AAAAAAAAAIg\/8VYW1_ArBVU\/s1600\/abito%2Bda%2Bcaff%C3%A8.jpg\" style=\"margin-left: 1em; margin-right: 1em;\"><img data-recalc-dims=\"1\" fetchpriority=\"high\" decoding=\"async\" border=\"0\" src=\"https:\/\/i0.wp.com\/2.bp.blogspot.com\/-t18o7zkqS8w\/U91XWkk0CcI\/AAAAAAAAAIg\/8VYW1_ArBVU\/s1600\/abito%2Bda%2Bcaff%C3%A8.jpg?resize=400%2C290\" height=\"290\" width=\"400\" \/><\/a><\/div>\n<div style=\"clear: both; text-align: center;\"><\/div>\n<div style=\"clear: both; text-align: center;\"><\/div>\n<div style=\"clear: both; text-align: left;\">Mi sono vestita anche da:<\/div>\n<div style=\"clear: both; text-align: left;\">&#8211; carta da gioco<\/div>\n<div style=\"clear: both; text-align: left;\">&#8211; sacco di zucchero<\/div>\n<div style=\"clear: both; text-align: left;\">&#8211; cappello<\/div>\n<div style=\"clear: both; text-align: left;\">mai da coniglietta o roba del genere \ud83d\ude42<\/div>\n<div style=\"clear: both; text-align: left;\"><\/div>\n<div style=\"clear: both; text-align: left;\">Micol Morelli creativacretina<\/div>\n<div style=\"clear: both; text-align: left;\">caderefamale.blogspot.it<\/div>\n<\/div>\n","protected":false},"excerpt":{"rendered":"<p>Mio zio mi ha fatto avere delle vecchie foto anni &#8217;80 direi. In una c&#8217;\u00e8 l&#8217;espressione della mia creativit\u00e0\/cretinit\u00e0: &#8211; carnevale &#8211; il mio abito da sacco di caff\u00e8 Stanno ancora ridendo&#8230; mi s\u00e0 che continueranno ancora un<\/p>\n","protected":false},"author":2,"featured_media":0,"comment_status":"open","ping_status":"open","sticky":false,"template":"","format":"standard","meta":{"_jetpack_newsletter_access":"","_jetpack_dont_email_post_to_subs":false,"_jetpack_newsletter_tier_id":0,"_jetpack_memberships_contains_paywalled_content":false,"_jetpack_feature_clip_id":0,"_jetpack_memberships_contains_paid_content":false,"footnotes":"","jetpack_publicize_message":"","jetpack_publicize_feature_enabled":true,"jetpack_social_post_already_shared":false,"jetpack_social_options":{"image_generator_settings":{"template":"highway","default_image_id":0,"font":"","enabled":false},"version":2},"jetpack_post_was_ever_published":false},"categories":[3],"tags":[],"class_list":["post-112","post","type-post","status-publish","format-standard","hentry","category-ricordi"],"jetpack_publicize_connections":[],"jetpack_sharing_enabled":true,"jetpack_shortlink":"https:\/\/wp.me\/paarzV-1O","jetpack_featured_media_url":"","_links":{"self":[{"href":"https:\/\/caderefamale.it\/index.php?rest_route=\/wp\/v2\/posts\/112","targetHints":{"allow":["GET"]}}],"collection":[{"href":"https:\/\/caderefamale.it\/index.php?rest_route=\/wp\/v2\/posts"}],"about":[{"href":"https:\/\/caderefamale.it\/index.php?rest_route=\/wp\/v2\/types\/post"}],"author":[{"embeddable":true,"href":"https:\/\/caderefamale.it\/index.php?rest_route=\/wp\/v2\/users\/2"}],"replies":[{"embeddable":true,"href":"https:\/\/caderefamale.it\/index.php?rest_route=%2Fwp%2Fv2%2Fcomments&post=112"}],"version-history":[{"count":0,"href":"https:\/\/caderefamale.it\/index.php?rest_route=\/wp\/v2\/posts\/112\/revisions"}],"wp:attachment":[{"href":"https:\/\/caderefamale.it\/index.php?rest_route=%2Fwp%2Fv2%2Fmedia&parent=112"}],"wp:term":[{"taxonomy":"category","embeddable":true,"href":"https:\/\/caderefamale.it\/index.php?rest_route=%2Fwp%2Fv2%2Fcategories&post=112"},{"taxonomy":"post_tag","embeddable":true,"href":"https:\/\/caderefamale.it\/index.php?rest_route=%2Fwp%2Fv2%2Ftags&post=112"}],"curies":[{"name":"wp","href":"https:\/\/api.w.org\/{rel}","templated":true}]}}