{"id":1134,"date":"2021-09-08T20:15:14","date_gmt":"2021-09-08T20:15:14","guid":{"rendered":"https:\/\/caderefamale.it\/?p=1134"},"modified":"2021-09-08T20:15:16","modified_gmt":"2021-09-08T20:15:16","slug":"la-giostra-rinizia","status":"publish","type":"post","link":"https:\/\/caderefamale.it\/?p=1134","title":{"rendered":"La giostra rinizia"},"content":{"rendered":"\n<h2 class=\"wp-block-heading\">Sono pronta <\/h2>\n\n\n\n<figure class=\"wp-block-image size-large is-style-rounded\"><img data-recalc-dims=\"1\" fetchpriority=\"high\" decoding=\"async\" width=\"790\" height=\"646\" src=\"https:\/\/i0.wp.com\/caderefamale.it\/wp-content\/uploads\/2021\/09\/in-giostra.jpg?resize=790%2C646&#038;ssl=1\" alt=\"risalita\" class=\"wp-image-1135\" srcset=\"https:\/\/i0.wp.com\/caderefamale.it\/wp-content\/uploads\/2021\/09\/in-giostra.jpg?resize=1024%2C837&amp;ssl=1 1024w, https:\/\/i0.wp.com\/caderefamale.it\/wp-content\/uploads\/2021\/09\/in-giostra.jpg?resize=300%2C245&amp;ssl=1 300w, https:\/\/i0.wp.com\/caderefamale.it\/wp-content\/uploads\/2021\/09\/in-giostra.jpg?resize=768%2C628&amp;ssl=1 768w, https:\/\/i0.wp.com\/caderefamale.it\/wp-content\/uploads\/2021\/09\/in-giostra.jpg?resize=1536%2C1256&amp;ssl=1 1536w, https:\/\/i0.wp.com\/caderefamale.it\/wp-content\/uploads\/2021\/09\/in-giostra.jpg?resize=1140%2C932&amp;ssl=1 1140w, https:\/\/i0.wp.com\/caderefamale.it\/wp-content\/uploads\/2021\/09\/in-giostra.jpg?w=1606&amp;ssl=1 1606w\" sizes=\"(max-width: 790px) 100vw, 790px\" \/><\/figure>\n\n\n\n<p class=\"wp-block-paragraph\"><\/p>\n\n\n\n<p class=\"wp-block-paragraph\">Poi arriva il momento deve si capisce che bisogna riniziare a vivere pienamente.<\/p>\n\n\n\n<p class=\"wp-block-paragraph\">Il momento in cui il mondo si riprende i suoi colori vivaci, i suoni tornano ad essere pieni.<\/p>\n\n\n\n<p class=\"wp-block-paragraph\">La percezione \u00e8 quella di desiderare momenti di condivisione, di conoscenza di curiosit\u00e0 verso il resto dell&#8217;umanit\u00e0.<\/p>\n\n\n\n<p class=\"wp-block-paragraph\">Su via&#8230; risaliamo sulla giostra, ho proprio vogli di luci velocit\u00e0 e un po&#8217; di sano divertimento. <\/p>\n\n\n\n<p class=\"wp-block-paragraph\">Tu capiresti e sorrideresti complice come non mai..<\/p>\n\n\n\n<p class=\"wp-block-paragraph\">Micol in giostra.<\/p>\n\n\n\n<p class=\"wp-block-paragraph\"><\/p>\n","protected":false},"excerpt":{"rendered":"<p>Sono pronta Poi arriva il momento deve si capisce che bisogna riniziare a vivere pienamente. Il momento in cui il mondo si riprende i suoi colori vivaci, i suoni tornano ad essere pieni. La percezione \u00e8 quella di<\/p>\n","protected":false},"author":1,"featured_media":1135,"comment_status":"open","ping_status":"open","sticky":false,"template":"","format":"standard","meta":{"_jetpack_newsletter_access":"","_jetpack_dont_email_post_to_subs":false,"_jetpack_newsletter_tier_id":0,"_jetpack_memberships_contains_paywalled_content":false,"_jetpack_feature_clip_id":0,"_jetpack_memberships_contains_paid_content":false,"footnotes":"","jetpack_publicize_message":"","jetpack_publicize_feature_enabled":true,"jetpack_social_post_already_shared":true,"jetpack_social_options":{"image_generator_settings":{"template":"highway","default_image_id":0,"font":"","enabled":false},"version":2},"jetpack_post_was_ever_published":false},"categories":[88,74],"tags":[162,188,187],"class_list":["post-1134","post","type-post","status-publish","format-standard","has-post-thumbnail","hentry","category-le-teorie-di-micol","category-medicamenti","tag-divertimento","tag-giostra","tag-ripresa"],"jetpack_publicize_connections":[],"jetpack_sharing_enabled":true,"jetpack_shortlink":"https:\/\/wp.me\/paarzV-ii","jetpack_featured_media_url":"https:\/\/i0.wp.com\/caderefamale.it\/wp-content\/uploads\/2021\/09\/in-giostra.jpg?fit=1606%2C1313&ssl=1","_links":{"self":[{"href":"https:\/\/caderefamale.it\/index.php?rest_route=\/wp\/v2\/posts\/1134","targetHints":{"allow":["GET"]}}],"collection":[{"href":"https:\/\/caderefamale.it\/index.php?rest_route=\/wp\/v2\/posts"}],"about":[{"href":"https:\/\/caderefamale.it\/index.php?rest_route=\/wp\/v2\/types\/post"}],"author":[{"embeddable":true,"href":"https:\/\/caderefamale.it\/index.php?rest_route=\/wp\/v2\/users\/1"}],"replies":[{"embeddable":true,"href":"https:\/\/caderefamale.it\/index.php?rest_route=%2Fwp%2Fv2%2Fcomments&post=1134"}],"version-history":[{"count":1,"href":"https:\/\/caderefamale.it\/index.php?rest_route=\/wp\/v2\/posts\/1134\/revisions"}],"predecessor-version":[{"id":1136,"href":"https:\/\/caderefamale.it\/index.php?rest_route=\/wp\/v2\/posts\/1134\/revisions\/1136"}],"wp:featuredmedia":[{"embeddable":true,"href":"https:\/\/caderefamale.it\/index.php?rest_route=\/wp\/v2\/media\/1135"}],"wp:attachment":[{"href":"https:\/\/caderefamale.it\/index.php?rest_route=%2Fwp%2Fv2%2Fmedia&parent=1134"}],"wp:term":[{"taxonomy":"category","embeddable":true,"href":"https:\/\/caderefamale.it\/index.php?rest_route=%2Fwp%2Fv2%2Fcategories&post=1134"},{"taxonomy":"post_tag","embeddable":true,"href":"https:\/\/caderefamale.it\/index.php?rest_route=%2Fwp%2Fv2%2Ftags&post=1134"}],"curies":[{"name":"wp","href":"https:\/\/api.w.org\/{rel}","templated":true}]}}