{"id":115,"date":"2014-07-21T17:45:00","date_gmt":"2014-07-21T17:45:00","guid":{"rendered":"https:\/\/caderefamale.it\/2014\/07\/21\/cellule-celebrali\/"},"modified":"2014-07-21T17:45:00","modified_gmt":"2014-07-21T17:45:00","slug":"cellule-celebrali","status":"publish","type":"post","link":"https:\/\/caderefamale.it\/?p=115","title":{"rendered":"Cellule celebrali"},"content":{"rendered":"<div dir=\"ltr\" style=\"text-align: left;\">Oggi ho avuto un serio momento di crisi.<\/p>\n<div>Di quelli dove ho messo in dubbio la mia capacit\u00e0 mentale di:<\/div>\n<div>&#8211; ricordare<\/div>\n<div>&#8211; mappare<\/div>\n<div>&#8211; organizzare<\/div>\n<div>Ho sempre avuto una mente incredibile nel ricordare le piccole cose di lavoro e di casa (facce delle persone poca ma cose collegate a loro si).<\/div>\n<div>Ho sempre avuto la capacit\u00e0 di chiudere gli occhi e sapere che cosa c&#8217;era nei cassetti che avevo riordinato mesi prima<\/div>\n<div>Ho la scrivania spesso nel caos ma so che i documenti ci sono<\/div>\n<div>Se chiama un cliente ricordo tipologia contrattuale, tariffa, particolare personali del suo lavoro ecc ecc<\/div>\n<div><\/div>\n<div>Oggi tracollo..<\/div>\n<div>Settimana scorsa ho viaggiato con le doppie chiavi dell&#8217;auto in borsa, avevo un problema con l&#8217;accensione e dovevo passare in concessionaria a verificare.<\/div>\n<div>Da venerd\u00ec alle 14 non ho pi\u00f9 preso l&#8217;auto.<\/div>\n<div>Stamattina ho aperto la borsa aspettandomi di trovare le doppie chiavi e riporre quella di riserva nel suo cassetto.<\/div>\n<div>Orrore c&#8217;era una sola chiave.<\/div>\n<div><\/div>\n<div>Svuotato la borsa (capovolgendola sul divano). Nulla<\/div>\n<div>Svuotato le ultime 2 borse usate (stesso metodo). Nulla<\/div>\n<div>Guardato sul divano, sotto il divano, fra i cuscini del divano. Nulla<\/div>\n<div>Guardato nel cesto svuota tasche nell&#8217;ingresso. Nulla<\/div>\n<div>Fatto tutto il percorso macchina casa. Nulla<\/div>\n<div>Guardato dentro la macchina. Nulla<\/div>\n<div><\/div>\n<div>A quel punto decido di ripercorrere a ritroso i punti base della settimana e capire dove potevo averle lasciate.&nbsp;<\/div>\n<div>Chiamata l&#8217;amica con la quale sono uscita per un drink gioved\u00ec sera e si ricordava che portachiavi avevo :). Quello della chiave smarrita<\/div>\n<div>Quindi la ricostruzione andava fatta solo della giornata di venerd\u00ec fino alle 14<\/div>\n<div>Facevo fatica a ricordare quante e quali cose avevo fatto.. sono andata in crisi.<\/div>\n<div>Poi ho aperto l&#8217;agenda ho ricostruito gli spostamenti e dopo 2 telefonate e 3 visite ho TROVATO LE CHIAVI<\/div>\n<div>Le aveva il meccanico dell&#8217;officina della concessionaria.. che non si \u00e8 preoccupato di chiamarmi, mi ha solo detto: &#8220;Guardo nel nostro cesto delle chiavi, le mettiamo tutte li, sono molti i clienti che le lasciano&#8221;<\/div>\n<div><\/div>\n<div>So che \u00e8 una cagata, ma mi ha mandata in tilt momentaneo.&nbsp;<\/div>\n<div>Mi sono vista con malattie senili incalzanti a perdere la memoria su tutte le piccole cose.<\/div>\n<div>So ch\u00e9 per qualche giorno mi metter\u00f2 alla prova cercando di ricordare le cose pi\u00f9 assurde.&nbsp;<\/div>\n<div><\/div>\n<div>Micol Morelli maniacadelcontrollo<\/div>\n<div>caderefamale.blogspot.it<\/div>\n<\/div>\n","protected":false},"excerpt":{"rendered":"<p>Oggi ho avuto un serio momento di crisi. Di quelli dove ho messo in dubbio la mia capacit\u00e0 mentale di: &#8211; ricordare &#8211; mappare &#8211; organizzare Ho sempre avuto una mente incredibile nel ricordare le piccole cose di<\/p>\n","protected":false},"author":2,"featured_media":0,"comment_status":"open","ping_status":"open","sticky":false,"template":"","format":"standard","meta":{"_jetpack_newsletter_access":"","_jetpack_dont_email_post_to_subs":false,"_jetpack_newsletter_tier_id":0,"_jetpack_memberships_contains_paywalled_content":false,"_jetpack_feature_clip_id":0,"_jetpack_memberships_contains_paid_content":false,"footnotes":"","jetpack_publicize_message":"","jetpack_publicize_feature_enabled":true,"jetpack_social_post_already_shared":false,"jetpack_social_options":{"image_generator_settings":{"template":"highway","default_image_id":0,"font":"","enabled":false},"version":2},"jetpack_post_was_ever_published":false},"categories":[9,47],"tags":[],"class_list":["post-115","post","type-post","status-publish","format-standard","hentry","category-riflessioni","category-stress"],"jetpack_publicize_connections":[],"jetpack_sharing_enabled":true,"jetpack_shortlink":"https:\/\/wp.me\/paarzV-1R","jetpack_featured_media_url":"","_links":{"self":[{"href":"https:\/\/caderefamale.it\/index.php?rest_route=\/wp\/v2\/posts\/115","targetHints":{"allow":["GET"]}}],"collection":[{"href":"https:\/\/caderefamale.it\/index.php?rest_route=\/wp\/v2\/posts"}],"about":[{"href":"https:\/\/caderefamale.it\/index.php?rest_route=\/wp\/v2\/types\/post"}],"author":[{"embeddable":true,"href":"https:\/\/caderefamale.it\/index.php?rest_route=\/wp\/v2\/users\/2"}],"replies":[{"embeddable":true,"href":"https:\/\/caderefamale.it\/index.php?rest_route=%2Fwp%2Fv2%2Fcomments&post=115"}],"version-history":[{"count":0,"href":"https:\/\/caderefamale.it\/index.php?rest_route=\/wp\/v2\/posts\/115\/revisions"}],"wp:attachment":[{"href":"https:\/\/caderefamale.it\/index.php?rest_route=%2Fwp%2Fv2%2Fmedia&parent=115"}],"wp:term":[{"taxonomy":"category","embeddable":true,"href":"https:\/\/caderefamale.it\/index.php?rest_route=%2Fwp%2Fv2%2Fcategories&post=115"},{"taxonomy":"post_tag","embeddable":true,"href":"https:\/\/caderefamale.it\/index.php?rest_route=%2Fwp%2Fv2%2Ftags&post=115"}],"curies":[{"name":"wp","href":"https:\/\/api.w.org\/{rel}","templated":true}]}}