{"id":1207,"date":"2021-12-02T17:09:51","date_gmt":"2021-12-02T17:09:51","guid":{"rendered":"https:\/\/caderefamale.it\/?p=1207"},"modified":"2021-12-02T17:09:55","modified_gmt":"2021-12-02T17:09:55","slug":"compleanno-2","status":"publish","type":"post","link":"https:\/\/caderefamale.it\/?p=1207","title":{"rendered":"Compleanno"},"content":{"rendered":"\n<p class=\"wp-block-paragraph\"><\/p>\n\n\n\n<figure class=\"wp-block-image size-large\"><img data-recalc-dims=\"1\" fetchpriority=\"high\" decoding=\"async\" width=\"790\" height=\"593\" src=\"https:\/\/i0.wp.com\/caderefamale.it\/wp-content\/uploads\/2021\/12\/compleanno-orso.jpg?resize=790%2C593&#038;ssl=1\" alt=\"\" class=\"wp-image-1208\" srcset=\"https:\/\/i0.wp.com\/caderefamale.it\/wp-content\/uploads\/2021\/12\/compleanno-orso-scaled.jpg?resize=1024%2C768&amp;ssl=1 1024w, https:\/\/i0.wp.com\/caderefamale.it\/wp-content\/uploads\/2021\/12\/compleanno-orso-scaled.jpg?resize=300%2C225&amp;ssl=1 300w, https:\/\/i0.wp.com\/caderefamale.it\/wp-content\/uploads\/2021\/12\/compleanno-orso-scaled.jpg?resize=768%2C576&amp;ssl=1 768w, https:\/\/i0.wp.com\/caderefamale.it\/wp-content\/uploads\/2021\/12\/compleanno-orso-scaled.jpg?resize=1536%2C1152&amp;ssl=1 1536w, https:\/\/i0.wp.com\/caderefamale.it\/wp-content\/uploads\/2021\/12\/compleanno-orso-scaled.jpg?resize=2048%2C1536&amp;ssl=1 2048w, https:\/\/i0.wp.com\/caderefamale.it\/wp-content\/uploads\/2021\/12\/compleanno-orso-scaled.jpg?resize=1140%2C855&amp;ssl=1 1140w, https:\/\/i0.wp.com\/caderefamale.it\/wp-content\/uploads\/2021\/12\/compleanno-orso-scaled.jpg?w=2370&amp;ssl=1 2370w\" sizes=\"(max-width: 790px) 100vw, 790px\" \/><\/figure>\n\n\n\n<p class=\"wp-block-paragraph\">Ci ho provato<\/p>\n\n\n\n<p class=\"wp-block-paragraph\"><\/p>\n\n\n\n<p class=\"wp-block-paragraph\">&#8220;I compleanni vanno sempre festeggiati&#8221;<\/p>\n\n\n\n<p class=\"wp-block-paragraph\">Ricordando questa frase ci ho provato..<\/p>\n\n\n\n<p class=\"wp-block-paragraph\">A cena con mio figlio, la sera prima, in un ristorante gourmet accompagnati da ottimo cibo e una bottiglia di Pinot Nero. Attenzioni a profusione dal personale che ci serviva, chiacchiere divertite del mio accompagnatore, partecipazione dei tavoli vicini.<\/p>\n\n\n\n<p class=\"wp-block-paragraph\">Non era ancora il giorno del mio compleanno quindi non ho celebrato.<\/p>\n\n\n\n<p class=\"wp-block-paragraph\">Giorno del compleanno..<\/p>\n\n\n\n<p class=\"wp-block-paragraph\">Aperto i regali che mi erano gi\u00e0 arrivati.<\/p>\n\n\n\n<p class=\"wp-block-paragraph\">Letto gli affettuosi auguri via social.<\/p>\n\n\n\n<p class=\"wp-block-paragraph\">Ricevuto graditissime telefonate da amici e parenti.<\/p>\n\n\n\n<p class=\"wp-block-paragraph\">Ricevuto foto dei fiori che il mio infaticabile stalker mi invia da 30 anni a casa di mia madre (non sa dove vivo).<\/p>\n\n\n\n<p class=\"wp-block-paragraph\">Pranzato con una cara amica 2 poke e una bottiglia di prosecco.<\/p>\n\n\n\n<p class=\"wp-block-paragraph\">Portato una cassa di birre rosse gelate e cioccolatini in accompagnamento per un brindisi alla fine della lezione di ballo.<\/p>\n\n\n\n<p class=\"wp-block-paragraph\">Tornata a casa, bevuto altra bottiglia di birra e nel silenzio del mio cuore sono andata in camera.<\/p>\n\n\n\n<p class=\"wp-block-paragraph\">Ci ho provato&#8230;. dal non voler fare nulla ho cercato di riempire le ore e far passare il giorno.<\/p>\n\n\n\n<p class=\"wp-block-paragraph\">Non ho neanche pensato che era anche il compleanno della cogliona di Barbie.. magari questo mi avrebbe distratta..<\/p>\n\n\n\n<p class=\"wp-block-paragraph\">Il prossimo anno ci arriver\u00f2 (se ci arriver\u00f2) pi\u00f9 coriacea e con un biglietto di aereo in tasca come ho sempre fratto negli ultimi anni.<\/p>\n\n\n\n<p class=\"wp-block-paragraph\">Buon compleanno a me con l&#8217;augurio di aprire le finestre del cuore e guardare fuori.<\/p>\n","protected":false},"excerpt":{"rendered":"<p>Ci ho provato &#8220;I compleanni vanno sempre festeggiati&#8221; Ricordando questa frase ci ho provato.. A cena con mio figlio, la sera prima, in un ristorante gourmet accompagnati da ottimo cibo e una bottiglia di Pinot Nero. Attenzioni a<\/p>\n","protected":false},"author":1,"featured_media":0,"comment_status":"open","ping_status":"open","sticky":true,"template":"","format":"standard","meta":{"_jetpack_newsletter_access":"","_jetpack_dont_email_post_to_subs":false,"_jetpack_newsletter_tier_id":0,"_jetpack_memberships_contains_paywalled_content":false,"_jetpack_feature_clip_id":0,"_jetpack_memberships_contains_paid_content":false,"footnotes":"","jetpack_publicize_message":"","jetpack_publicize_feature_enabled":true,"jetpack_social_post_already_shared":true,"jetpack_social_options":{"image_generator_settings":{"template":"highway","default_image_id":0,"font":"","enabled":false},"version":2},"jetpack_post_was_ever_published":false},"categories":[89,9,150],"tags":[210,139,209],"class_list":["post-1207","post","type-post","status-publish","format-standard","hentry","category-le-cadute-di-micol","category-riflessioni","category-vita-da-svemi","tag-amici","tag-compleanno","tag-ricorrenze"],"jetpack_publicize_connections":[],"jetpack_sharing_enabled":true,"jetpack_shortlink":"https:\/\/wp.me\/paarzV-jt","jetpack_featured_media_url":"","_links":{"self":[{"href":"https:\/\/caderefamale.it\/index.php?rest_route=\/wp\/v2\/posts\/1207","targetHints":{"allow":["GET"]}}],"collection":[{"href":"https:\/\/caderefamale.it\/index.php?rest_route=\/wp\/v2\/posts"}],"about":[{"href":"https:\/\/caderefamale.it\/index.php?rest_route=\/wp\/v2\/types\/post"}],"author":[{"embeddable":true,"href":"https:\/\/caderefamale.it\/index.php?rest_route=\/wp\/v2\/users\/1"}],"replies":[{"embeddable":true,"href":"https:\/\/caderefamale.it\/index.php?rest_route=%2Fwp%2Fv2%2Fcomments&post=1207"}],"version-history":[{"count":1,"href":"https:\/\/caderefamale.it\/index.php?rest_route=\/wp\/v2\/posts\/1207\/revisions"}],"predecessor-version":[{"id":1209,"href":"https:\/\/caderefamale.it\/index.php?rest_route=\/wp\/v2\/posts\/1207\/revisions\/1209"}],"wp:attachment":[{"href":"https:\/\/caderefamale.it\/index.php?rest_route=%2Fwp%2Fv2%2Fmedia&parent=1207"}],"wp:term":[{"taxonomy":"category","embeddable":true,"href":"https:\/\/caderefamale.it\/index.php?rest_route=%2Fwp%2Fv2%2Fcategories&post=1207"},{"taxonomy":"post_tag","embeddable":true,"href":"https:\/\/caderefamale.it\/index.php?rest_route=%2Fwp%2Fv2%2Ftags&post=1207"}],"curies":[{"name":"wp","href":"https:\/\/api.w.org\/{rel}","templated":true}]}}