{"id":1528,"date":"2023-04-08T18:15:50","date_gmt":"2023-04-08T18:15:50","guid":{"rendered":"https:\/\/caderefamale.it\/?p=1528"},"modified":"2023-04-08T18:15:52","modified_gmt":"2023-04-08T18:15:52","slug":"uscire-di-scena","status":"publish","type":"post","link":"https:\/\/caderefamale.it\/?p=1528","title":{"rendered":"Uscire di scena"},"content":{"rendered":"\n<figure class=\"wp-block-image size-large\"><img data-recalc-dims=\"1\" fetchpriority=\"high\" decoding=\"async\" width=\"790\" height=\"554\" src=\"https:\/\/i0.wp.com\/caderefamale.it\/wp-content\/uploads\/2023\/04\/2-anni-2.jpg?resize=790%2C554&#038;ssl=1\" alt=\"\" class=\"wp-image-1529\" srcset=\"https:\/\/i0.wp.com\/caderefamale.it\/wp-content\/uploads\/2023\/04\/2-anni-2-scaled.jpg?resize=1024%2C718&amp;ssl=1 1024w, https:\/\/i0.wp.com\/caderefamale.it\/wp-content\/uploads\/2023\/04\/2-anni-2-scaled.jpg?resize=300%2C210&amp;ssl=1 300w, https:\/\/i0.wp.com\/caderefamale.it\/wp-content\/uploads\/2023\/04\/2-anni-2-scaled.jpg?resize=768%2C539&amp;ssl=1 768w, https:\/\/i0.wp.com\/caderefamale.it\/wp-content\/uploads\/2023\/04\/2-anni-2-scaled.jpg?resize=1536%2C1077&amp;ssl=1 1536w, https:\/\/i0.wp.com\/caderefamale.it\/wp-content\/uploads\/2023\/04\/2-anni-2-scaled.jpg?resize=2048%2C1437&amp;ssl=1 2048w, https:\/\/i0.wp.com\/caderefamale.it\/wp-content\/uploads\/2023\/04\/2-anni-2-scaled.jpg?resize=1140%2C800&amp;ssl=1 1140w, https:\/\/i0.wp.com\/caderefamale.it\/wp-content\/uploads\/2023\/04\/2-anni-2-scaled.jpg?w=2370&amp;ssl=1 2370w\" sizes=\"(max-width: 790px) 100vw, 790px\" \/><\/figure>\n\n\n\n<h1 class=\"wp-block-heading\">lasciando pagnotte di ricordo e non stupide briciole<\/h1>\n\n\n\n<p class=\"wp-block-paragraph\">Ho allungato il braccio, non c&#8217;eri<\/p>\n\n\n\n<p class=\"wp-block-paragraph\">ho guardato le apuane da un letto sfatto che non ha il tuo odore<\/p>\n\n\n\n<p class=\"wp-block-paragraph\">ho fatto il caff\u00e9 e bevuto da tazze che conosci<\/p>\n\n\n\n<p class=\"wp-block-paragraph\">poi una doccia in un box che adoreresti<\/p>\n\n\n\n<p class=\"wp-block-paragraph\">mi sono data una spruzzata di Chanel Blu<\/p>\n\n\n\n<p class=\"wp-block-paragraph\">Sono passata a far mettere il cordino al corallo rosa<\/p>\n\n\n\n<p class=\"wp-block-paragraph\">Ho visto delle scarpe che ti piacerebbero nella vetrina di Harris<\/p>\n\n\n\n<p class=\"wp-block-paragraph\">Ho ordinato 2 aragoste per domani come piacciono a noi<\/p>\n\n\n\n<p class=\"wp-block-paragraph\">Sono passata dalla casa sul mare che non \u00e8 pi\u00f9 la stessa e non potr\u00e0 mai pi\u00f9 esserlo<\/p>\n\n\n\n<p class=\"wp-block-paragraph\">Non sono andata dal Lupo, quello un&#8217;altra volta.<\/p>\n\n\n\n<p class=\"wp-block-paragraph\">Qui con i pantaloni dell&#8217;adidas con il pile verde acido e Franco 126 che canta..<\/p>\n\n\n\n<p class=\"wp-block-paragraph\">La candela \u00e8 accesa davanti alla finestra come mi  hai insegnato tu<\/p>\n\n\n\n<p class=\"wp-block-paragraph\">Mi sta peggiorando il carattere ma la cosa mi fa felice perch\u00e9 ricorda il tuo<\/p>\n\n\n\n<p class=\"wp-block-paragraph\">La stagione che preferisci \u00e8 iniziata mi piacerebbe una corsa in bici con le mani che si sfiorano e le risate che riempiono l&#8217;aria<\/p>\n\n\n\n<p class=\"wp-block-paragraph\">Cercher\u00f2 di onorarti &#8220;non facendo la brava&#8221;<\/p>\n\n\n\n<p class=\"wp-block-paragraph\">Asciugo le lacrime e mi verso da bere<\/p>\n\n\n\n<p class=\"wp-block-paragraph\"><\/p>\n\n\n\n<p class=\"wp-block-paragraph\"><\/p>\n","protected":false},"excerpt":{"rendered":"<p>lasciando pagnotte di ricordo e non stupide briciole Ho allungato il braccio, non c&#8217;eri ho guardato le apuane da un letto sfatto che non ha il tuo odore ho fatto il caff\u00e9 e bevuto da tazze che conosci<\/p>\n","protected":false},"author":1,"featured_media":1530,"comment_status":"open","ping_status":"open","sticky":false,"template":"","format":"standard","meta":{"_jetpack_newsletter_access":"","_jetpack_dont_email_post_to_subs":false,"_jetpack_newsletter_tier_id":0,"_jetpack_memberships_contains_paywalled_content":false,"_jetpack_feature_clip_id":0,"_jetpack_memberships_contains_paid_content":false,"footnotes":"","jetpack_publicize_message":"","jetpack_publicize_feature_enabled":true,"jetpack_social_post_already_shared":true,"jetpack_social_options":{"image_generator_settings":{"template":"highway","default_image_id":0,"font":"","enabled":false},"version":2},"jetpack_post_was_ever_published":false},"categories":[150],"tags":[95,96],"class_list":["post-1528","post","type-post","status-publish","format-standard","has-post-thumbnail","hentry","category-vita-da-svemi","tag-amore","tag-ricordi"],"jetpack_publicize_connections":[],"jetpack_sharing_enabled":true,"jetpack_shortlink":"https:\/\/wp.me\/paarzV-oE","jetpack_featured_media_url":"https:\/\/i0.wp.com\/caderefamale.it\/wp-content\/uploads\/2023\/04\/2-anni-1-scaled.jpg?fit=2051%2C2560&ssl=1","_links":{"self":[{"href":"https:\/\/caderefamale.it\/index.php?rest_route=\/wp\/v2\/posts\/1528","targetHints":{"allow":["GET"]}}],"collection":[{"href":"https:\/\/caderefamale.it\/index.php?rest_route=\/wp\/v2\/posts"}],"about":[{"href":"https:\/\/caderefamale.it\/index.php?rest_route=\/wp\/v2\/types\/post"}],"author":[{"embeddable":true,"href":"https:\/\/caderefamale.it\/index.php?rest_route=\/wp\/v2\/users\/1"}],"replies":[{"embeddable":true,"href":"https:\/\/caderefamale.it\/index.php?rest_route=%2Fwp%2Fv2%2Fcomments&post=1528"}],"version-history":[{"count":1,"href":"https:\/\/caderefamale.it\/index.php?rest_route=\/wp\/v2\/posts\/1528\/revisions"}],"predecessor-version":[{"id":1531,"href":"https:\/\/caderefamale.it\/index.php?rest_route=\/wp\/v2\/posts\/1528\/revisions\/1531"}],"wp:featuredmedia":[{"embeddable":true,"href":"https:\/\/caderefamale.it\/index.php?rest_route=\/wp\/v2\/media\/1530"}],"wp:attachment":[{"href":"https:\/\/caderefamale.it\/index.php?rest_route=%2Fwp%2Fv2%2Fmedia&parent=1528"}],"wp:term":[{"taxonomy":"category","embeddable":true,"href":"https:\/\/caderefamale.it\/index.php?rest_route=%2Fwp%2Fv2%2Fcategories&post=1528"},{"taxonomy":"post_tag","embeddable":true,"href":"https:\/\/caderefamale.it\/index.php?rest_route=%2Fwp%2Fv2%2Ftags&post=1528"}],"curies":[{"name":"wp","href":"https:\/\/api.w.org\/{rel}","templated":true}]}}