{"id":16,"date":"2017-06-23T17:42:00","date_gmt":"2017-06-23T17:42:00","guid":{"rendered":""},"modified":"2019-01-06T15:46:36","modified_gmt":"2019-01-06T15:46:36","slug":"ho-problemi-a-socializzare-o-sono-solo-snob","status":"publish","type":"post","link":"https:\/\/caderefamale.it\/?p=16","title":{"rendered":"Ho problemi a socializzare o sono solo snob?"},"content":{"rendered":"<div dir=\"ltr\" style=\"text-align: left;\">Sono un soggetto in genere socievole ma solo sulla crosta in superficie,<br \/>\nsorrido<br \/>\nparlo facilmente di ogni argomento<br \/>\nin una festa o in una tavola intrattengo se serve<\/p>\n<p>Amici?<br \/>\nPochi davvero pochi,<\/p>\n<p>Invecchiando sono peggiorata alla grande..<\/p>\n<p>Bisogna dire che passo molto tempo in auto, sintonizzata sempre su Radio Deejay, testata giornalistica generalmente La Repubblica, ho un senso dell&#8217;umorismo e dell&#8217;auto ironia decisamente sviluppati, un figlio con il quale passo tantissimo tempo talmente simile a me nel modo di sviluppare il pensiero e la battuta che finiamo le frasi, un compagno con il quale riesco a passare purtroppo poco tempo (rispetto a quello che vorremmo) decisamente brillante che&#8230;con il mondo &#8220;normale&#8221; non mi ci trovo tanto..<\/p>\n<p>Se vi state facendo delle domande vi dico che con l&#8217;Imbecille non ci parlavo di politica o di letteratura..neanche di attualit\u00e0..<\/p>\n<p>Ho delle fantastiche amiche con le quali posso passare solo una parte del tempo, tipo un caff\u00e8, una serata ogni tanto causa impegni di mariti e figli, altre che stanno a 200\/300 km di distanza, amici maschi tutti distanti..nella citt\u00e0 dove sono cresciuta e sparsi per il mondo<br \/>\nNel mio ambito lavorativo ho clienti e non colleghi (quelli sono sparsi per le varie citt\u00e0 d&#8217;Italia e non sono del genere che mi sceglierei come amici), e i clienti&#8230;b\u00e8 non \u00e8 cos\u00ec facile una amica \u00e8 saltata fuori comunque<\/p>\n<p>Il problema delle nuove conoscenze, o meglio di tutte le conoscenze fatte fuori dall&#8217;ambito studi \u00e8 che ingranano male.. per fortuna ci sono delle eccezioni come la mia Amica di Ferro \ud83d\ude09<\/p>\n<p>Alcuni dei rapporti che avevo stretto in questi ultimi anni dopo il fatto dell&#8217;Imbecille si sono disgregati, chi per orari di lavoro e chi perch\u00e9 scelto di tornare con l&#8217;ex marito ha tagliato fuori tutti coloro che sono stati di supporto durante la separazione, chi perch\u00e9 si \u00e8 ricostruito un rapporto a due e non sente pi\u00f9 l&#8217;esigenza di inserirci le vecchie amiche<\/p>\n<p>Ogni tanto ci provo..ragazzi come \u00e8 difficile, eppure ho voglia di ricreare un gruppo al quale proporre uscite, cene, chiacchiere in veranda, passeggiate in bici e tutto quello che si fa in genere con gli amici..<\/p>\n<p>Micol Morelli<br \/>\npi\u00f9snobcheasociale?chepalle!<\/p>\n<\/div>\n","protected":false},"excerpt":{"rendered":"<p>Sono un soggetto in genere socievole ma solo sulla crosta in superficie, sorrido parlo facilmente di ogni argomento in una festa o in una tavola intrattengo se serve Amici? Pochi davvero pochi, Invecchiando sono peggiorata alla grande.. Bisogna<\/p>\n","protected":false},"author":2,"featured_media":0,"comment_status":"open","ping_status":"open","sticky":false,"template":"","format":"standard","meta":{"_jetpack_newsletter_access":"","_jetpack_dont_email_post_to_subs":false,"_jetpack_newsletter_tier_id":0,"_jetpack_memberships_contains_paywalled_content":false,"_jetpack_feature_clip_id":0,"_jetpack_memberships_contains_paid_content":false,"footnotes":"","jetpack_publicize_message":"","jetpack_publicize_feature_enabled":true,"jetpack_social_post_already_shared":false,"jetpack_social_options":{"image_generator_settings":{"template":"highway","default_image_id":0,"font":"","enabled":false},"version":2},"jetpack_post_was_ever_published":false},"categories":[2],"tags":[],"class_list":["post-16","post","type-post","status-publish","format-standard","hentry","category-osservazioni"],"jetpack_publicize_connections":[],"jetpack_sharing_enabled":true,"jetpack_shortlink":"https:\/\/wp.me\/paarzV-g","jetpack_featured_media_url":"","_links":{"self":[{"href":"https:\/\/caderefamale.it\/index.php?rest_route=\/wp\/v2\/posts\/16","targetHints":{"allow":["GET"]}}],"collection":[{"href":"https:\/\/caderefamale.it\/index.php?rest_route=\/wp\/v2\/posts"}],"about":[{"href":"https:\/\/caderefamale.it\/index.php?rest_route=\/wp\/v2\/types\/post"}],"author":[{"embeddable":true,"href":"https:\/\/caderefamale.it\/index.php?rest_route=\/wp\/v2\/users\/2"}],"replies":[{"embeddable":true,"href":"https:\/\/caderefamale.it\/index.php?rest_route=%2Fwp%2Fv2%2Fcomments&post=16"}],"version-history":[{"count":2,"href":"https:\/\/caderefamale.it\/index.php?rest_route=\/wp\/v2\/posts\/16\/revisions"}],"predecessor-version":[{"id":522,"href":"https:\/\/caderefamale.it\/index.php?rest_route=\/wp\/v2\/posts\/16\/revisions\/522"}],"wp:attachment":[{"href":"https:\/\/caderefamale.it\/index.php?rest_route=%2Fwp%2Fv2%2Fmedia&parent=16"}],"wp:term":[{"taxonomy":"category","embeddable":true,"href":"https:\/\/caderefamale.it\/index.php?rest_route=%2Fwp%2Fv2%2Fcategories&post=16"},{"taxonomy":"post_tag","embeddable":true,"href":"https:\/\/caderefamale.it\/index.php?rest_route=%2Fwp%2Fv2%2Ftags&post=16"}],"curies":[{"name":"wp","href":"https:\/\/api.w.org\/{rel}","templated":true}]}}