{"id":1658,"date":"2024-05-01T17:20:33","date_gmt":"2024-05-01T17:20:33","guid":{"rendered":"https:\/\/caderefamale.it\/?p=1658"},"modified":"2024-05-04T15:32:58","modified_gmt":"2024-05-04T15:32:58","slug":"cravatte","status":"publish","type":"post","link":"https:\/\/caderefamale.it\/?p=1658","title":{"rendered":"Cravatte"},"content":{"rendered":"\n<p class=\"wp-block-paragraph\"> Mio figlio oggi mi ha chiesto: &#8220;Hai per caso una cravatta? Mi serve per un evento.&#8221;<\/p>\n\n\n\n<p class=\"wp-block-paragraph\">&#8220;ho provato a fare il nodo ..mi aiuti?&#8221;<\/p>\n\n\n\n<figure class=\"wp-block-image size-large\"><img data-recalc-dims=\"1\" fetchpriority=\"high\" decoding=\"async\" width=\"691\" height=\"1024\" src=\"https:\/\/i0.wp.com\/caderefamale.it\/wp-content\/uploads\/2024\/05\/cravatte-2.jpg?resize=691%2C1024&#038;ssl=1\" alt=\"\" class=\"wp-image-1659\" srcset=\"https:\/\/i0.wp.com\/caderefamale.it\/wp-content\/uploads\/2024\/05\/cravatte-2-scaled.jpg?resize=691%2C1024&amp;ssl=1 691w, https:\/\/i0.wp.com\/caderefamale.it\/wp-content\/uploads\/2024\/05\/cravatte-2-scaled.jpg?resize=202%2C300&amp;ssl=1 202w, https:\/\/i0.wp.com\/caderefamale.it\/wp-content\/uploads\/2024\/05\/cravatte-2-scaled.jpg?resize=768%2C1139&amp;ssl=1 768w, https:\/\/i0.wp.com\/caderefamale.it\/wp-content\/uploads\/2024\/05\/cravatte-2-scaled.jpg?resize=1036%2C1536&amp;ssl=1 1036w, https:\/\/i0.wp.com\/caderefamale.it\/wp-content\/uploads\/2024\/05\/cravatte-2-scaled.jpg?resize=1382%2C2048&amp;ssl=1 1382w, https:\/\/i0.wp.com\/caderefamale.it\/wp-content\/uploads\/2024\/05\/cravatte-2-scaled.jpg?resize=1140%2C1690&amp;ssl=1 1140w, https:\/\/i0.wp.com\/caderefamale.it\/wp-content\/uploads\/2024\/05\/cravatte-2-scaled.jpg?w=1727&amp;ssl=1 1727w, https:\/\/i0.wp.com\/caderefamale.it\/wp-content\/uploads\/2024\/05\/cravatte-2-scaled.jpg?w=1580&amp;ssl=1 1580w\" sizes=\"(max-width: 691px) 100vw, 691px\" \/><\/figure>\n\n\n\n<p class=\"wp-block-paragraph\">Possiedo cravatte da quando sono alle superiori, ho imparato a fare il nodo proprio per indossarle.<\/p>\n\n\n\n<p class=\"wp-block-paragraph\">Questo accessorio del guardaroba maschile che spesso \u00e8 rappresentazione di rigore, di ordine, di eleganza, di formalit\u00e0, di immagine, di uniformit\u00e0 a schemi decisi e prestabiliti..<\/p>\n\n\n\n<p class=\"wp-block-paragraph\">Per me diventa altro:<\/p>\n\n\n\n<p class=\"wp-block-paragraph\"><strong>Cravatte utilizzate per essere irriverente, indossate a scuola sopra camice immacolate e accompagnate da continue provocazioni, sotto sguardi giudicanti di preside ed insegnati che nulla potevano contro le piccole, continue metodiche rivoluzioni.<\/strong><\/p>\n\n\n\n<p class=\"wp-block-paragraph\">Cravatte indossate in riunioni di lavoro con completi di seta, per sostenere idee, progetti e sfidare le menti maschili sui confini di quello che posso o non posso fare.<\/p>\n\n\n\n<p class=\"wp-block-paragraph\">Cravatte usate al posto di una cintura a volte con sandali a tacco alto, altre volte con anfibi borchiati.<\/p>\n\n\n\n<p class=\"wp-block-paragraph\">Nonostante il tempo, dai miei 14 anni ad oggi, quel tratto rivoluzionario non \u00e8 mai stato addomesticato.<\/p>\n\n\n\n<p class=\"wp-block-paragraph\"><\/p>\n\n\n\n<p class=\"wp-block-paragraph\"><\/p>\n","protected":false},"excerpt":{"rendered":"<p>Mio figlio oggi mi ha chiesto: &#8220;Hai per caso una cravatta? Mi serve per un evento.&#8221; &#8220;ho provato a fare il nodo ..mi aiuti?&#8221; Possiedo cravatte da quando sono alle superiori, ho imparato a fare il nodo proprio<\/p>\n","protected":false},"author":1,"featured_media":1660,"comment_status":"open","ping_status":"open","sticky":true,"template":"","format":"standard","meta":{"_jetpack_newsletter_access":"","_jetpack_dont_email_post_to_subs":false,"_jetpack_newsletter_tier_id":0,"_jetpack_memberships_contains_paywalled_content":false,"_jetpack_feature_clip_id":0,"_jetpack_memberships_contains_paid_content":false,"footnotes":"","jetpack_publicize_message":"","jetpack_publicize_feature_enabled":true,"jetpack_social_post_already_shared":true,"jetpack_social_options":{"image_generator_settings":{"template":"highway","default_image_id":0,"font":"","enabled":false},"version":2},"jetpack_post_was_ever_published":false},"categories":[88],"tags":[307,309,308],"class_list":["post-1658","post","type-post","status-publish","format-standard","has-post-thumbnail","hentry","category-le-teorie-di-micol","tag-cravatte","tag-liberta","tag-rivoluzione"],"jetpack_publicize_connections":[],"jetpack_sharing_enabled":true,"jetpack_shortlink":"https:\/\/wp.me\/saarzV-cravatte","jetpack_featured_media_url":"https:\/\/i0.wp.com\/caderefamale.it\/wp-content\/uploads\/2024\/05\/cravatte-scaled.jpg?fit=1922%2C2560&ssl=1","_links":{"self":[{"href":"https:\/\/caderefamale.it\/index.php?rest_route=\/wp\/v2\/posts\/1658","targetHints":{"allow":["GET"]}}],"collection":[{"href":"https:\/\/caderefamale.it\/index.php?rest_route=\/wp\/v2\/posts"}],"about":[{"href":"https:\/\/caderefamale.it\/index.php?rest_route=\/wp\/v2\/types\/post"}],"author":[{"embeddable":true,"href":"https:\/\/caderefamale.it\/index.php?rest_route=\/wp\/v2\/users\/1"}],"replies":[{"embeddable":true,"href":"https:\/\/caderefamale.it\/index.php?rest_route=%2Fwp%2Fv2%2Fcomments&post=1658"}],"version-history":[{"count":2,"href":"https:\/\/caderefamale.it\/index.php?rest_route=\/wp\/v2\/posts\/1658\/revisions"}],"predecessor-version":[{"id":1662,"href":"https:\/\/caderefamale.it\/index.php?rest_route=\/wp\/v2\/posts\/1658\/revisions\/1662"}],"wp:featuredmedia":[{"embeddable":true,"href":"https:\/\/caderefamale.it\/index.php?rest_route=\/wp\/v2\/media\/1660"}],"wp:attachment":[{"href":"https:\/\/caderefamale.it\/index.php?rest_route=%2Fwp%2Fv2%2Fmedia&parent=1658"}],"wp:term":[{"taxonomy":"category","embeddable":true,"href":"https:\/\/caderefamale.it\/index.php?rest_route=%2Fwp%2Fv2%2Fcategories&post=1658"},{"taxonomy":"post_tag","embeddable":true,"href":"https:\/\/caderefamale.it\/index.php?rest_route=%2Fwp%2Fv2%2Ftags&post=1658"}],"curies":[{"name":"wp","href":"https:\/\/api.w.org\/{rel}","templated":true}]}}