{"id":167,"date":"2014-04-13T14:47:00","date_gmt":"2014-04-13T14:47:00","guid":{"rendered":"https:\/\/caderefamale.it\/2014\/04\/13\/precisazioni-fruttate\/"},"modified":"2014-04-13T14:47:00","modified_gmt":"2014-04-13T14:47:00","slug":"precisazioni-fruttate","status":"publish","type":"post","link":"https:\/\/caderefamale.it\/?p=167","title":{"rendered":"Precisazioni fruttate"},"content":{"rendered":"<div dir=\"ltr\" style=\"text-align: left;\">Settimana scorsa ho ricevuto una ennesima comunicazione dell&#8217;avvocato dell&#8217;Imbecille.<\/p>\n<div><\/div>\n<div>Ken lamenta che i bimbi non rispondono al telefono e ritiene che io impedisca la comunicazione fluida e che dovrei fare di tutto affinch\u00e9 rispondano quando lui li cerca.<\/div>\n<div><\/div>\n<div>Non \u00e8 un concetto sbagliato:<\/div>\n<div>&#8211; il telefono suona ed io dico &#8220;Bimbi il telefono, sar\u00e0 il babbo rispondete?&#8221; Risultato, girano intorno al telefonino e attendono la fine del suono.<\/div>\n<div>&#8211; il telefono squilla ed io dico &#8220;Bimbi il telefono, sar\u00e0 il babbo rispondete?&#8221; Risultato secondo squillo e sento &#8220;Ciao Gionny dimmi tutto hai bisogno della scheda di storia? Si ti detto la poesia&#8221;<\/div>\n<div>Quindi non sono sordi e inabili alla risposta al cellulare, ma semplicemente scelgono..<\/div>\n<div><\/div>\n<div>Ogni tanto controllo il loro telefono e verifico le chiamate e i messaggi:<\/div>\n<div>&#8211; passano anche 2 giorni senza chiamate di Ken<\/div>\n<div>&#8211; non ci sono mai messaggi di &#8220;buon giorno&#8221; &#8220;vi voglio bene&#8221; &#8220;mi mancate&#8221; &#8220;organizziamo un&#8217;uscita?&#8221; Ma il nulla o messaggi di rimprovero tipo &#8220;CHIAMATEMI<\/div>\n<div><\/div>\n<div>Quando fissa un&#8217;incontro, chiaramente sempre in giorni diversi e quando torna comodo a Ken, cerco di mandargliele tutte dritte.&nbsp;<\/div>\n<div>Quelle 2 ore e mezza che li tiene, circa una volta alla settimana (alcune settimane salta) divide il tempo con i bimbi fra la casa della mamma di Ken (la furia rossa) e il padre di Ken (il Bianco assente).<\/div>\n<div><\/div>\n<div>Per evitare di dire cose non vere, sento prima i bimbi sulla loro idea del rapporto con il padre alla fine preparo la risposta in cui evidenzio:<\/div>\n<div>&#8211; l&#8217;esigenza di tempo dedicato solo a loro<\/div>\n<div>&#8211; di telefonate non di rimproveri ma di serio interessamento<\/div>\n<div>&#8211; di parole di affetto<\/div>\n<div>&#8211; di attivit\u00e0 di divertimento ideate e sviluppate con loro<\/div>\n<div><\/div>\n<div>Ieri arriva la telefonata (il giorno prima non aveva proprio chiamato) e la telefonata si sviluppa secondo il solito copione:<\/div>\n<div>&#8211; dove siete<\/div>\n<div>&#8211; con chi siete&nbsp;<\/div>\n<div>&#8211; cosa fate<\/div>\n<div><\/div>\n<div><a href=\"https:\/\/encrypted-tbn1.gstatic.com\/images?q=tbn:ANd9GcR7ox0lQNyjZlhUYETcVidVD4Syp-BlipXFfYE8SKKgsTzo6Ot_MA\" style=\"clear: right; float: right; margin-bottom: 1em; margin-left: 1em;\"><img decoding=\"async\" border=\"0\" height=\"112\" src=\"https:\/\/encrypted-tbn1.gstatic.com\/images?q=tbn:ANd9GcR7ox0lQNyjZlhUYETcVidVD4Syp-BlipXFfYE8SKKgsTzo6Ot_MA\" width=\"200\" \/><\/a>Terminata la conversazione di 1 minuto scarso i bimbi tornano da me e mi dicono:<\/div>\n<div>&#8220;o non ha letto quello che hai scritto, o non ne ha capito il senso. Nulla \u00e8 cambiato. Certo \u00e8 anche vero che una mela non si pu\u00f2 trasformare in una banana!&#8221;<\/div>\n<div><\/div>\n<div><\/div>\n<div><\/div>\n<div>Visione cristallina della vita, anche un p\u00f2 fruttata&nbsp;<\/div>\n<div>.<\/div>\n<div>Micol Morelli vitafruttuosa<\/div>\n<div>caderefamale.blogspot.it<\/div>\n<div><\/div>\n<\/div>\n","protected":false},"excerpt":{"rendered":"<p>Settimana scorsa ho ricevuto una ennesima comunicazione dell&#8217;avvocato dell&#8217;Imbecille. Ken lamenta che i bimbi non rispondono al telefono e ritiene che io impedisca la comunicazione fluida e che dovrei fare di tutto affinch\u00e9 rispondano quando lui li cerca.<\/p>\n","protected":false},"author":2,"featured_media":0,"comment_status":"open","ping_status":"open","sticky":false,"template":"","format":"standard","meta":{"_jetpack_newsletter_access":"","_jetpack_dont_email_post_to_subs":false,"_jetpack_newsletter_tier_id":0,"_jetpack_memberships_contains_paywalled_content":false,"_jetpack_feature_clip_id":0,"_jetpack_memberships_contains_paid_content":false,"footnotes":"","jetpack_publicize_message":"","jetpack_publicize_feature_enabled":true,"jetpack_social_post_already_shared":false,"jetpack_social_options":{"image_generator_settings":{"template":"highway","default_image_id":0,"font":"","enabled":false},"version":2},"jetpack_post_was_ever_published":false},"categories":[12,2],"tags":[],"class_list":["post-167","post","type-post","status-publish","format-standard","hentry","category-ken","category-osservazioni"],"jetpack_publicize_connections":[],"jetpack_sharing_enabled":true,"jetpack_shortlink":"https:\/\/wp.me\/paarzV-2H","jetpack_featured_media_url":"","_links":{"self":[{"href":"https:\/\/caderefamale.it\/index.php?rest_route=\/wp\/v2\/posts\/167","targetHints":{"allow":["GET"]}}],"collection":[{"href":"https:\/\/caderefamale.it\/index.php?rest_route=\/wp\/v2\/posts"}],"about":[{"href":"https:\/\/caderefamale.it\/index.php?rest_route=\/wp\/v2\/types\/post"}],"author":[{"embeddable":true,"href":"https:\/\/caderefamale.it\/index.php?rest_route=\/wp\/v2\/users\/2"}],"replies":[{"embeddable":true,"href":"https:\/\/caderefamale.it\/index.php?rest_route=%2Fwp%2Fv2%2Fcomments&post=167"}],"version-history":[{"count":0,"href":"https:\/\/caderefamale.it\/index.php?rest_route=\/wp\/v2\/posts\/167\/revisions"}],"wp:attachment":[{"href":"https:\/\/caderefamale.it\/index.php?rest_route=%2Fwp%2Fv2%2Fmedia&parent=167"}],"wp:term":[{"taxonomy":"category","embeddable":true,"href":"https:\/\/caderefamale.it\/index.php?rest_route=%2Fwp%2Fv2%2Fcategories&post=167"},{"taxonomy":"post_tag","embeddable":true,"href":"https:\/\/caderefamale.it\/index.php?rest_route=%2Fwp%2Fv2%2Ftags&post=167"}],"curies":[{"name":"wp","href":"https:\/\/api.w.org\/{rel}","templated":true}]}}