{"id":1855,"date":"2025-04-07T18:35:53","date_gmt":"2025-04-07T18:35:53","guid":{"rendered":"https:\/\/caderefamale.it\/?p=1855"},"modified":"2025-04-08T06:52:10","modified_gmt":"2025-04-08T06:52:10","slug":"me-ne-vado-con-la-giacca-sulla-spalla","status":"publish","type":"post","link":"https:\/\/caderefamale.it\/?p=1855","title":{"rendered":"Me ne vado con la giacca sulla spalla."},"content":{"rendered":"\n<figure class=\"wp-block-image size-large\"><img data-recalc-dims=\"1\" fetchpriority=\"high\" decoding=\"async\" width=\"790\" height=\"593\" src=\"https:\/\/i0.wp.com\/caderefamale.it\/wp-content\/uploads\/2025\/04\/me-ne-vado-3.jpg?resize=790%2C593&#038;ssl=1\" alt=\"\" class=\"wp-image-1854\" srcset=\"https:\/\/i0.wp.com\/caderefamale.it\/wp-content\/uploads\/2025\/04\/me-ne-vado-3.jpg?w=1024&amp;ssl=1 1024w, https:\/\/i0.wp.com\/caderefamale.it\/wp-content\/uploads\/2025\/04\/me-ne-vado-3.jpg?resize=300%2C225&amp;ssl=1 300w, https:\/\/i0.wp.com\/caderefamale.it\/wp-content\/uploads\/2025\/04\/me-ne-vado-3.jpg?resize=768%2C576&amp;ssl=1 768w\" sizes=\"(max-width: 790px) 100vw, 790px\" \/><\/figure>\n\n\n\n<p class=\"wp-block-paragraph\">Passano i giorni, diventano mesi e sono gi\u00e0 anni,<\/p>\n\n\n\n<p class=\"wp-block-paragraph\">Sono pi\u00f9 vecchia, forse, non sono pi\u00f9 saggia<\/p>\n\n\n\n<p class=\"wp-block-paragraph\">Sei uguale, sarai sempre uguale.<\/p>\n\n\n\n<p class=\"wp-block-paragraph\">Il pensiero ti vede<\/p>\n\n\n\n<p class=\"wp-block-paragraph\">I ricordi ci sono, la luce \u00e8 spenta<\/p>\n\n\n\n<p class=\"wp-block-paragraph\">Le parole, i gesti, le risate<\/p>\n\n\n\n<p class=\"wp-block-paragraph\">La grandezza di un uomo \u00e8 l&#8217;insieme<\/p>\n\n\n\n<p class=\"wp-block-paragraph\">Gioie, paure, peccati, successi, amori, cadute, riprese<\/p>\n\n\n\n<p class=\"wp-block-paragraph\">Amori imperfetti in mondi imperfetti<\/p>\n\n\n\n<p class=\"wp-block-paragraph\">Ti voglio sereno immerso nel blu.<\/p>\n\n\n\n<p class=\"wp-block-paragraph\">Viaggia in pace<\/p>\n","protected":false},"excerpt":{"rendered":"<p>Passano i giorni, diventano mesi e sono gi\u00e0 anni, Sono pi\u00f9 vecchia, forse, non sono pi\u00f9 saggia Sei uguale, sarai sempre uguale. Il pensiero ti vede I ricordi ci sono, la luce \u00e8 spenta Le parole, i gesti,<\/p>\n","protected":false},"author":1,"featured_media":1853,"comment_status":"open","ping_status":"open","sticky":true,"template":"","format":"standard","meta":{"_jetpack_newsletter_access":"","_jetpack_dont_email_post_to_subs":false,"_jetpack_newsletter_tier_id":0,"_jetpack_memberships_contains_paywalled_content":false,"_jetpack_feature_clip_id":0,"_jetpack_memberships_contains_paid_content":false,"footnotes":"","jetpack_publicize_message":"","jetpack_publicize_feature_enabled":true,"jetpack_social_post_already_shared":true,"jetpack_social_options":{"image_generator_settings":{"template":"highway","default_image_id":0,"font":"","enabled":false},"version":2},"jetpack_post_was_ever_published":false},"categories":[88],"tags":[95,305,96],"class_list":["post-1855","post","type-post","status-publish","format-standard","has-post-thumbnail","hentry","category-le-teorie-di-micol","tag-amore","tag-anniversario","tag-ricordi"],"jetpack_publicize_connections":[],"jetpack_sharing_enabled":true,"jetpack_shortlink":"https:\/\/wp.me\/paarzV-tV","jetpack_featured_media_url":"https:\/\/i0.wp.com\/caderefamale.it\/wp-content\/uploads\/2025\/04\/me-ne-vado-scaled.jpg?fit=1700%2C2560&ssl=1","_links":{"self":[{"href":"https:\/\/caderefamale.it\/index.php?rest_route=\/wp\/v2\/posts\/1855","targetHints":{"allow":["GET"]}}],"collection":[{"href":"https:\/\/caderefamale.it\/index.php?rest_route=\/wp\/v2\/posts"}],"about":[{"href":"https:\/\/caderefamale.it\/index.php?rest_route=\/wp\/v2\/types\/post"}],"author":[{"embeddable":true,"href":"https:\/\/caderefamale.it\/index.php?rest_route=\/wp\/v2\/users\/1"}],"replies":[{"embeddable":true,"href":"https:\/\/caderefamale.it\/index.php?rest_route=%2Fwp%2Fv2%2Fcomments&post=1855"}],"version-history":[{"count":3,"href":"https:\/\/caderefamale.it\/index.php?rest_route=\/wp\/v2\/posts\/1855\/revisions"}],"predecessor-version":[{"id":1858,"href":"https:\/\/caderefamale.it\/index.php?rest_route=\/wp\/v2\/posts\/1855\/revisions\/1858"}],"wp:featuredmedia":[{"embeddable":true,"href":"https:\/\/caderefamale.it\/index.php?rest_route=\/wp\/v2\/media\/1853"}],"wp:attachment":[{"href":"https:\/\/caderefamale.it\/index.php?rest_route=%2Fwp%2Fv2%2Fmedia&parent=1855"}],"wp:term":[{"taxonomy":"category","embeddable":true,"href":"https:\/\/caderefamale.it\/index.php?rest_route=%2Fwp%2Fv2%2Fcategories&post=1855"},{"taxonomy":"post_tag","embeddable":true,"href":"https:\/\/caderefamale.it\/index.php?rest_route=%2Fwp%2Fv2%2Ftags&post=1855"}],"curies":[{"name":"wp","href":"https:\/\/api.w.org\/{rel}","templated":true}]}}