{"id":189,"date":"2014-02-25T19:12:00","date_gmt":"2014-02-25T19:12:00","guid":{"rendered":"https:\/\/caderefamale.it\/2014\/02\/25\/pance\/"},"modified":"2014-02-25T19:12:00","modified_gmt":"2014-02-25T19:12:00","slug":"pance","status":"publish","type":"post","link":"https:\/\/caderefamale.it\/?p=189","title":{"rendered":"Pance"},"content":{"rendered":"<div dir=\"ltr\" style=\"text-align: left;\">Ho due amiche che non ho quasi mai praticamente visto incinte..<\/p>\n<p>Considerando che hanno attualmente tutte 4 figli a testa, quella distratta sono io!<\/p>\n<p>La prima vive in Lombardia ed \u00e8 stata la mia amica per la pelle alle superiori, quella con cui litighi, ti confronti, non ti parli per mesi, quella che sa come funziona la tua testa, quella che l&#8217;idea che la scuola finisca e non ci si veda tutti i giorni \u00e8 un incubo, quella con cui studi il primo viaggio all&#8217;estero per mesi ma poi non riesci a partire con lei perch\u00e9..<\/p>\n<p>Poi le nostre vite sono cambiate si sono sviluppate in modi molto diversi e durante tutte le sue gravidanza io non c&#8217;ero.. Non perch\u00e9 non volessi, ma la vita stessa per varie ragioni ci teneva lontane.<br \/>Possiamo non sentirci e non vederci per mesi con la consapevolezza che ci siamo comunque.<\/p>\n<p>La seconda vive vicino a me, siamo diventate amiche conoscendoci come mamme all&#8217;asilo, abbiamo un senso dell&#8217;umorismo simile, adoro la sua totale assenza di diplomazia, \u00e8 il mio dizionario per un sacco di cose pratiche (cucito, dolci, risate) e caso ha voluto che non l&#8217;abbia mai vista incinta fino ad ora \ud83d\ude42<\/p>\n<p>Ora \u00e8 in dolce attesa e io mi devo preparare al fatto, non sto scherzando.<br \/>Nel senso che per me queste due amiche sono donne e non mamme, nel mio modo di vederle prima vedo loro e solo in secondo piano vedo loro nel ruolo di mamme. Quindi anche se \u00e8 incinta io non la vedo tale, ma ora la pancia si vede anche ai miei occhi.<\/p>\n<p>Sono abituata a vederle indaffarate nell&#8217;educazione, nella crescita, nel fare quello che facciamo tutte per i nostri (moltiplicato per il numero dei loro), ma nella mia mente sono proprio delle ragazze nel modo pi\u00f9 bello del termine e delle fantastiche mamme.<\/p>\n<p>Ed ora mi commuovo a vedere la pancia e mi devo preparar che fra poco ci siamo.<br \/>E mi commuover\u00f2 tanto e ci sar\u00f2 e sar\u00f2 utile a modo mio.<\/p>\n<p>Micol Morelli mistopreparando<br \/>caderefamale.blogspot.it<\/p>\n<\/div>\n","protected":false},"excerpt":{"rendered":"<p>Ho due amiche che non ho quasi mai praticamente visto incinte.. Considerando che hanno attualmente tutte 4 figli a testa, quella distratta sono io! La prima vive in Lombardia ed \u00e8 stata la mia amica per la pelle<\/p>\n","protected":false},"author":2,"featured_media":0,"comment_status":"open","ping_status":"open","sticky":false,"template":"","format":"standard","meta":{"_jetpack_newsletter_access":"","_jetpack_dont_email_post_to_subs":false,"_jetpack_newsletter_tier_id":0,"_jetpack_memberships_contains_paywalled_content":false,"_jetpack_feature_clip_id":0,"_jetpack_memberships_contains_paid_content":false,"footnotes":"","jetpack_publicize_message":"","jetpack_publicize_feature_enabled":true,"jetpack_social_post_already_shared":false,"jetpack_social_options":{"image_generator_settings":{"template":"highway","default_image_id":0,"font":"","enabled":false},"version":2},"jetpack_post_was_ever_published":false},"categories":[9],"tags":[],"class_list":["post-189","post","type-post","status-publish","format-standard","hentry","category-riflessioni"],"jetpack_publicize_connections":[],"jetpack_sharing_enabled":true,"jetpack_shortlink":"https:\/\/wp.me\/saarzV-pance","jetpack_featured_media_url":"","_links":{"self":[{"href":"https:\/\/caderefamale.it\/index.php?rest_route=\/wp\/v2\/posts\/189","targetHints":{"allow":["GET"]}}],"collection":[{"href":"https:\/\/caderefamale.it\/index.php?rest_route=\/wp\/v2\/posts"}],"about":[{"href":"https:\/\/caderefamale.it\/index.php?rest_route=\/wp\/v2\/types\/post"}],"author":[{"embeddable":true,"href":"https:\/\/caderefamale.it\/index.php?rest_route=\/wp\/v2\/users\/2"}],"replies":[{"embeddable":true,"href":"https:\/\/caderefamale.it\/index.php?rest_route=%2Fwp%2Fv2%2Fcomments&post=189"}],"version-history":[{"count":0,"href":"https:\/\/caderefamale.it\/index.php?rest_route=\/wp\/v2\/posts\/189\/revisions"}],"wp:attachment":[{"href":"https:\/\/caderefamale.it\/index.php?rest_route=%2Fwp%2Fv2%2Fmedia&parent=189"}],"wp:term":[{"taxonomy":"category","embeddable":true,"href":"https:\/\/caderefamale.it\/index.php?rest_route=%2Fwp%2Fv2%2Fcategories&post=189"},{"taxonomy":"post_tag","embeddable":true,"href":"https:\/\/caderefamale.it\/index.php?rest_route=%2Fwp%2Fv2%2Ftags&post=189"}],"curies":[{"name":"wp","href":"https:\/\/api.w.org\/{rel}","templated":true}]}}