{"id":190,"date":"2014-02-25T18:30:00","date_gmt":"2014-02-25T18:30:00","guid":{"rendered":"https:\/\/caderefamale.it\/2014\/02\/25\/passaggio-del-testimone\/"},"modified":"2014-02-25T18:30:00","modified_gmt":"2014-02-25T18:30:00","slug":"passaggio-del-testimone","status":"publish","type":"post","link":"https:\/\/caderefamale.it\/?p=190","title":{"rendered":"Passaggio del testimone"},"content":{"rendered":"<div dir=\"ltr\" style=\"text-align: left;\">Ci sono dei piatti che per tradizione vengono cucinati da mia nonna, questo da quanto ho memoria.<\/p>\n<div>A quei piatti associo: casa, famiglia, abitudini<\/div>\n<div><\/div>\n<div>La nonna \u00e8 classe 1920 ancora arzilla ma non da lasciare davanti ai fornelli, quindi negli ultimi 3 anni il testimone \u00e8 passato a mia mamma, che non possiamo definire la classica donna di casa visto che a casa non c&#8217;\u00e8 mai essendo molto impegnata lavorativamente.<\/div>\n<div><\/div>\n<div>Sabato pomeriggio mi sono trovata a cucinare uno di questi piatti della tradizione di casa mia.&nbsp;<\/div>\n<div>Mia madre \u00e8 in lombardia ed io volevo prepararlo per la cena di luned\u00ec sera con amici quindi mi sono fatta &#8220;autorizzare&#8221;<\/div>\n<div>Quindi via telefono le istruzioni di base e poi all&#8217;opera.<\/div>\n<div><\/div>\n<div>Direi risultato non male, piatto gradito tutti soddisfatti.<\/div>\n<div><\/div>\n<div>Quello che mi ha fatto sorridere era vedermi a fare tutti quei gesti che ho visto fare a mia nonna mille volte, sentire gli odori spargersi per la casa poco per volta e i ricordi con loro.<\/div>\n<div><\/div>\n<div>La capacit\u00e0 della mente di immagazzinare i ricordi e cederli volta per volata a seconda delle stimolazioni ricevute \ud83d\ude42<\/div>\n<div><\/div>\n<div>Micol Morelli gnamgnam<\/div>\n<div>caderefamale.blogspot.it<\/div>\n<div><\/div>\n<div><\/div>\n<div><\/div>\n<div><\/div>\n<div><\/div>\n<\/div>\n","protected":false},"excerpt":{"rendered":"<p>Ci sono dei piatti che per tradizione vengono cucinati da mia nonna, questo da quanto ho memoria. A quei piatti associo: casa, famiglia, abitudini La nonna \u00e8 classe 1920 ancora arzilla ma non da lasciare davanti ai fornelli,<\/p>\n","protected":false},"author":2,"featured_media":0,"comment_status":"open","ping_status":"open","sticky":false,"template":"","format":"standard","meta":{"_jetpack_newsletter_access":"","_jetpack_dont_email_post_to_subs":false,"_jetpack_newsletter_tier_id":0,"_jetpack_memberships_contains_paywalled_content":false,"_jetpack_feature_clip_id":0,"_jetpack_memberships_contains_paid_content":false,"footnotes":"","jetpack_publicize_message":"","jetpack_publicize_feature_enabled":true,"jetpack_social_post_already_shared":false,"jetpack_social_options":{"image_generator_settings":{"template":"highway","default_image_id":0,"font":"","enabled":false},"version":2},"jetpack_post_was_ever_published":false},"categories":[1],"tags":[],"class_list":["post-190","post","type-post","status-publish","format-standard","hentry","category-uncategorized"],"jetpack_publicize_connections":[],"jetpack_sharing_enabled":true,"jetpack_shortlink":"https:\/\/wp.me\/paarzV-34","jetpack_featured_media_url":"","_links":{"self":[{"href":"https:\/\/caderefamale.it\/index.php?rest_route=\/wp\/v2\/posts\/190","targetHints":{"allow":["GET"]}}],"collection":[{"href":"https:\/\/caderefamale.it\/index.php?rest_route=\/wp\/v2\/posts"}],"about":[{"href":"https:\/\/caderefamale.it\/index.php?rest_route=\/wp\/v2\/types\/post"}],"author":[{"embeddable":true,"href":"https:\/\/caderefamale.it\/index.php?rest_route=\/wp\/v2\/users\/2"}],"replies":[{"embeddable":true,"href":"https:\/\/caderefamale.it\/index.php?rest_route=%2Fwp%2Fv2%2Fcomments&post=190"}],"version-history":[{"count":0,"href":"https:\/\/caderefamale.it\/index.php?rest_route=\/wp\/v2\/posts\/190\/revisions"}],"wp:attachment":[{"href":"https:\/\/caderefamale.it\/index.php?rest_route=%2Fwp%2Fv2%2Fmedia&parent=190"}],"wp:term":[{"taxonomy":"category","embeddable":true,"href":"https:\/\/caderefamale.it\/index.php?rest_route=%2Fwp%2Fv2%2Fcategories&post=190"},{"taxonomy":"post_tag","embeddable":true,"href":"https:\/\/caderefamale.it\/index.php?rest_route=%2Fwp%2Fv2%2Ftags&post=190"}],"curies":[{"name":"wp","href":"https:\/\/api.w.org\/{rel}","templated":true}]}}