{"id":212,"date":"2014-01-13T18:50:00","date_gmt":"2014-01-13T18:50:00","guid":{"rendered":"https:\/\/caderefamale.it\/2014\/01\/13\/braccio-di-ferro-il-seguito\/"},"modified":"2014-01-13T18:50:00","modified_gmt":"2014-01-13T18:50:00","slug":"braccio-di-ferro-il-seguito","status":"publish","type":"post","link":"https:\/\/caderefamale.it\/?p=212","title":{"rendered":"Braccio di ferro il seguito"},"content":{"rendered":"<div dir=\"ltr\" style=\"text-align: left;\">Non avevo preso in considerazione quanto fosse Imbecille l&#8217;imbecille di Ken!<\/p>\n<div><\/div>\n<div>Riesco a convincere i bimbi che il loro padre gli vuole bene, che devono cercare di creare un rapporto, rispondere al telefono ecc ecc<\/div>\n<div>Parlo con loro del senso di responsabilit\u00e0 e del fatto che ogni azione ha una reazione ecc ecc<\/div>\n<div><\/div>\n<div>Ieri sera si mettono d&#8217;accordo con il babbo (L&#8217;Imbecille) di vedersi marted\u00ec all&#8217;uscita di scuola quindi alle 16.30<\/div>\n<div><\/div>\n<div>Oggi mi chiamano i miei avvocati che hanno ricevuto comunicazione dall&#8217;avvocato dell&#8217;Imbe e mi girano la mail..<\/div>\n<div>Il succo del discorso era che:<\/div>\n<div>&#8211; io non gli permettevo di vedere e parlare con i bambini da 24 giorni e che se non avessi provveduto entro le 24 ore a farli incontrare avrebbero preso dei provvedimenti!<\/div>\n<div><\/div>\n<div>Mi ha fatto uscire dai gangheri!!<\/div>\n<div><\/div>\n<div>Porca miseria \u00e8 stato assente per oltre 3 settimane a dicembre, non ha chiamato neanche a Natale, non passa una serata con i suoi figli dal 2012 e rompe i coglioni!&nbsp;<\/div>\n<div>Lui non si \u00e8 mai reso disponibile fino al 30 di dicembre non ha fatto n\u00e8 regali di natale ai bimbi n\u00e8 gli auguri di natale&#8230;<\/div>\n<div><\/div>\n<div>La mie risposta \u00e8 stata contenuta considerando che avrei preso una mazza chiodata e gliela avrei tirata in testa (sulla testa di plastica funziona vero?)<\/div>\n<div><\/div>\n<div>Come ciliegina sulla torta suona il telefono dei bimbi che rispondono. Sento che dice che domani non si vedono pi\u00f9!&nbsp;<\/div>\n<div>Il grande replica che erano gi\u00e0 d&#8217;accordo e lui rincara la dose dicendo che &#8220;Non gli interessa nulla che lui ha altri programmi e che quindi non non intende vederli che loro non hanno risposto alla sua telefonata e lui non rispetta gli impegni!<\/div>\n<div><\/div>\n<div>Vi lascio immaginare i bimbi..<\/div>\n<div>Vi lascio immaginare il mio giramento dei maroni!!<\/div>\n<div><\/div>\n<div>Chiaramente secondo la logica Imbecillesca la colpa \u00e8 mia<\/div>\n<div>ahahahahahaha<\/div>\n<div><\/div>\n<div>Che testa di plastica<\/div>\n<div><\/div>\n<div>Micol Morelli coglionaiochehosposatotounimbecille<\/div>\n<div>caderefamale.blogspot.it<\/div>\n<\/div>\n","protected":false},"excerpt":{"rendered":"<p>Non avevo preso in considerazione quanto fosse Imbecille l&#8217;imbecille di Ken! Riesco a convincere i bimbi che il loro padre gli vuole bene, che devono cercare di creare un rapporto, rispondere al telefono ecc ecc Parlo con loro<\/p>\n","protected":false},"author":2,"featured_media":0,"comment_status":"open","ping_status":"open","sticky":false,"template":"","format":"standard","meta":{"_jetpack_newsletter_access":"","_jetpack_dont_email_post_to_subs":false,"_jetpack_newsletter_tier_id":0,"_jetpack_memberships_contains_paywalled_content":false,"_jetpack_feature_clip_id":0,"_jetpack_memberships_contains_paid_content":false,"footnotes":"","jetpack_publicize_message":"","jetpack_publicize_feature_enabled":true,"jetpack_social_post_already_shared":false,"jetpack_social_options":{"image_generator_settings":{"template":"highway","default_image_id":0,"font":"","enabled":false},"version":2},"jetpack_post_was_ever_published":false},"categories":[14],"tags":[],"class_list":["post-212","post","type-post","status-publish","format-standard","hentry","category-imbecille"],"jetpack_publicize_connections":[],"jetpack_sharing_enabled":true,"jetpack_shortlink":"https:\/\/wp.me\/paarzV-3q","jetpack_featured_media_url":"","_links":{"self":[{"href":"https:\/\/caderefamale.it\/index.php?rest_route=\/wp\/v2\/posts\/212","targetHints":{"allow":["GET"]}}],"collection":[{"href":"https:\/\/caderefamale.it\/index.php?rest_route=\/wp\/v2\/posts"}],"about":[{"href":"https:\/\/caderefamale.it\/index.php?rest_route=\/wp\/v2\/types\/post"}],"author":[{"embeddable":true,"href":"https:\/\/caderefamale.it\/index.php?rest_route=\/wp\/v2\/users\/2"}],"replies":[{"embeddable":true,"href":"https:\/\/caderefamale.it\/index.php?rest_route=%2Fwp%2Fv2%2Fcomments&post=212"}],"version-history":[{"count":0,"href":"https:\/\/caderefamale.it\/index.php?rest_route=\/wp\/v2\/posts\/212\/revisions"}],"wp:attachment":[{"href":"https:\/\/caderefamale.it\/index.php?rest_route=%2Fwp%2Fv2%2Fmedia&parent=212"}],"wp:term":[{"taxonomy":"category","embeddable":true,"href":"https:\/\/caderefamale.it\/index.php?rest_route=%2Fwp%2Fv2%2Fcategories&post=212"},{"taxonomy":"post_tag","embeddable":true,"href":"https:\/\/caderefamale.it\/index.php?rest_route=%2Fwp%2Fv2%2Ftags&post=212"}],"curies":[{"name":"wp","href":"https:\/\/api.w.org\/{rel}","templated":true}]}}