{"id":26,"date":"2016-11-29T15:08:00","date_gmt":"2016-11-29T15:08:00","guid":{"rendered":"https:\/\/caderefamale.it\/2016\/11\/29\/unghie-depresse\/"},"modified":"2016-11-29T15:08:00","modified_gmt":"2016-11-29T15:08:00","slug":"unghie-depresse","status":"publish","type":"post","link":"https:\/\/caderefamale.it\/?p=26","title":{"rendered":"Unghie depresse"},"content":{"rendered":"<div dir=\"ltr\" style=\"text-align: left;\">No c&#8217;\u00e8 stata un&#8217;inversione di tendenza..\u00e8 solo migliorata la capacit\u00e0 di camuffare \ud83d\ude42<br \/>..pensavo<\/p>\n<p>Stamattina alle 8 avevo l&#8217;appuntamento con un Podologa Alternativa, normalmente ho la mia estetista insostituibile magnifica fantastica, ma questo giro ho dovuto cedere alla professionista dell&#8217;unghia.<\/p>\n<p>Inizia il suo intervento e mi comunica che:<br \/>&#8211; l&#8217;unghia dell&#8217;alluce di sinistra mostra chiaramente sintomi di dolore emotivo dovuto ad un duro colpo subito, tipo un abbandono e migliorer\u00e0 guarendo totalmente quando superer\u00f2 la cosa<br \/>&#8211; l&#8217;unghia dell&#8217;alluce di destra mostra chiaramente sintomi di incomprensioni lavorativa, tipo che: stabilita una cosa mi cambiano le carte in tavola e mi tocca intervenire con continue modifiche<br \/>&#8211; al termine toccando i piedi mi comunica che il piede di sinistra mostra un chiaro segno di incapacit\u00e0 respiratoria mia che peggiora la circolazione delle gambe, difficolt\u00e0 dovuta al timore di venir presa in giro nuovamente o ferita<\/p>\n<p>Poi l&#8217;intervento \u00e8 terminato.<br \/>Nessun numero della lotteria da giocare<br \/>Solo lacrima facile per tutta la mattina<\/p>\n<p>Anche le unghie parlanti..ma farsi i cazzi propri?<\/p>\n<p>Micol Morelli<br \/>unghieimpiccioneincluse<br \/>caderefamale.blogspot<\/div>\n","protected":false},"excerpt":{"rendered":"<p>No c&#8217;\u00e8 stata un&#8217;inversione di tendenza..\u00e8 solo migliorata la capacit\u00e0 di camuffare \ud83d\ude42..pensavo Stamattina alle 8 avevo l&#8217;appuntamento con un Podologa Alternativa, normalmente ho la mia estetista insostituibile magnifica fantastica, ma questo giro ho dovuto cedere alla professionista<\/p>\n","protected":false},"author":2,"featured_media":0,"comment_status":"open","ping_status":"open","sticky":false,"template":"","format":"standard","meta":{"_jetpack_newsletter_access":"","_jetpack_dont_email_post_to_subs":false,"_jetpack_newsletter_tier_id":0,"_jetpack_memberships_contains_paywalled_content":false,"_jetpack_feature_clip_id":0,"_jetpack_memberships_contains_paid_content":false,"footnotes":"","jetpack_publicize_message":"","jetpack_publicize_feature_enabled":true,"jetpack_social_post_already_shared":false,"jetpack_social_options":{"image_generator_settings":{"template":"highway","default_image_id":0,"font":"","enabled":false},"version":2},"jetpack_post_was_ever_published":false},"categories":[2],"tags":[],"class_list":["post-26","post","type-post","status-publish","format-standard","hentry","category-osservazioni"],"jetpack_publicize_connections":[],"jetpack_sharing_enabled":true,"jetpack_shortlink":"https:\/\/wp.me\/paarzV-q","jetpack_featured_media_url":"","_links":{"self":[{"href":"https:\/\/caderefamale.it\/index.php?rest_route=\/wp\/v2\/posts\/26","targetHints":{"allow":["GET"]}}],"collection":[{"href":"https:\/\/caderefamale.it\/index.php?rest_route=\/wp\/v2\/posts"}],"about":[{"href":"https:\/\/caderefamale.it\/index.php?rest_route=\/wp\/v2\/types\/post"}],"author":[{"embeddable":true,"href":"https:\/\/caderefamale.it\/index.php?rest_route=\/wp\/v2\/users\/2"}],"replies":[{"embeddable":true,"href":"https:\/\/caderefamale.it\/index.php?rest_route=%2Fwp%2Fv2%2Fcomments&post=26"}],"version-history":[{"count":0,"href":"https:\/\/caderefamale.it\/index.php?rest_route=\/wp\/v2\/posts\/26\/revisions"}],"wp:attachment":[{"href":"https:\/\/caderefamale.it\/index.php?rest_route=%2Fwp%2Fv2%2Fmedia&parent=26"}],"wp:term":[{"taxonomy":"category","embeddable":true,"href":"https:\/\/caderefamale.it\/index.php?rest_route=%2Fwp%2Fv2%2Fcategories&post=26"},{"taxonomy":"post_tag","embeddable":true,"href":"https:\/\/caderefamale.it\/index.php?rest_route=%2Fwp%2Fv2%2Ftags&post=26"}],"curies":[{"name":"wp","href":"https:\/\/api.w.org\/{rel}","templated":true}]}}