{"id":27,"date":"2016-11-28T16:51:00","date_gmt":"2016-11-28T16:51:00","guid":{"rendered":"https:\/\/caderefamale.it\/2016\/11\/28\/depression-time\/"},"modified":"2019-01-05T16:48:43","modified_gmt":"2019-01-05T16:48:43","slug":"depression-time","status":"publish","type":"post","link":"https:\/\/caderefamale.it\/?p=27","title":{"rendered":"Depression time"},"content":{"rendered":"<h3 dir=\"ltr\" style=\"text-align: left;\">Decisamente sono in modalit\u00e0 &#8220;Depression time&#8221;..<\/h3>\n<p dir=\"ltr\" style=\"text-align: left;\">\nA peggiorare le cose, non ho un motivo definito.. almeno se avessi un elemento\u00a0sul quale concentrarmi sarebbe pi\u00f9 agevole la risalita<\/p>\n<p>E&#8217; quella sensazione che passa, da un principio di nervosismo a senso di insoddisfazione ad appunto &#8220;Depression time&#8221;<\/p>\n<p>Mi irrita tutto, mi sento principalmente sola (anche se so che non \u00e8 cos\u00ec che sono un soggetto amato ecc ecc) ma in verit\u00e0 mi sento sola<br \/>\nSola ad affrontare le cose, i pensieri, le decorazioni natalizie, la gestione del tempo, la lista della spesa, il pagare le tasse, il cosa mangiamo a cena, il organizziamo cosa fare nelle feste, il facciamo fare il corso di lingua supplementare, il decidere le scelte scolastiche..<br \/>\nla sensazione \u00e8 questa<br \/>\nAnche sul lavoro agisco in totale autonomia e questo al momento mi fa\u00a0sentire sola.. ho tanti contatti ma con i clienti e pochi con la societ\u00e0, la maggior parte sono evasi via mail quindi i termini reali di confronto sono pochi<br \/>\n<b><\/b><i><\/i><u><\/u><\/p>\n<figure style=\"width: 320px\" class=\"wp-caption alignnone\"><img data-recalc-dims=\"1\" fetchpriority=\"high\" decoding=\"async\" class=\"mainImage accessible nofocus\" tabindex=\"0\" title=\"Visualizza immagine di origine\" src=\"https:\/\/i0.wp.com\/www.publicdomainpictures.net\/pictures\/40000\/nahled\/withered-flower-1357990464OeA.jpg?resize=320%2C211&#038;ssl=1\" alt=\"come un fiore appassito\" width=\"320\" height=\"211\" border=\"0\" data-bm=\"13\" \/><figcaption class=\"wp-caption-text\">depression time<\/figcaption><\/figure>\n<p>Mi manca il senso di famiglia presente, quella sensazione a volte ingombrate di persone che hai attorno, che a volte\u00a0ti danno anche forse fastidio..<br \/>\nLe amicizie sono poche sparse anche lontano e\u00a0a volte tanto distanti indaffarate e hanno le loro famiglie<br \/>\nI rapporti di cuore.. certo se li scegli parzialmente occupati ..<\/p>\n<p>Non so se superer\u00f2 mai il fatto di essere una specie di ibrido, la rottura della famiglia creata per quanto fosse precaria, plasticosa, insipida continua a fare male comunque<\/p>\n<p>Certo poi c&#8217;\u00e8 Ken sempre con Barbie che saranno in vacanza ai tropici immagino visto che sono 20 giorni di totale silenzio telefonico con la prole, potrebbe essere accaduto di tutto che potesse fregargliene meno..<\/p>\n<p>Evidentemente questo amore di plastica \u00e8 pi\u00f9 strutturato e improntato di quello che c&#8217;era fra noi..<br \/>\nChiaramente la plastica \u00e8 pi\u00f9 resistente di carne e sangue.. quelli sono elementi che coinvolgono, che sporcano, che piangono, che ridono.<br \/>\nPotendo scegliere..\u00a0l&#8217;ambiente asettico e gonfiato d\u00e0 maggiori soddisfazioni<\/p>\n<p>Poi c&#8217;\u00e8 che ho un compleanno in arrivo.. un tempo mi piaceva, mi faceva sentire bene.. ora sembra un appuntamento dal dentista e non con il dentista<br \/>\nE poi c&#8217;\u00e8 quel cavolo di coincidenza che Barbie compie gli anni nello stesso giorno e mi continua a dare fastidio.<\/p>\n<p>Mettiamola cos\u00ec non mi sento particolarmente appagata, potrebbe essere una sensazione potenziata dal fatto che il 28\u00b0 giorno \u00e8 in arrivo e lo sbalzo umorale si sente..<br \/>\nSar\u00e0 il caso che mi scarichi sul Kindle uno dei libri di un autore che ha il potere di rilassarmi, in genere funziona (se pu\u00f2 essere di aiuto ad altri \u00e8 Alexander Mccall Smith)<\/p>\n<p>Buona serata da MDT<br \/>\nMicol Depression Time<br \/>\npassainfrettadisicurononhoscelta<br \/>\ncaderefamale<\/p>\n","protected":false},"excerpt":{"rendered":"<p>Decisamente sono in modalit\u00e0 &#8220;Depression time&#8221;.. A peggiorare le cose, non ho un motivo definito.. almeno se avessi un elemento\u00a0sul quale concentrarmi sarebbe pi\u00f9 agevole la risalita E&#8217; quella sensazione che passa, da un principio di nervosismo a<\/p>\n","protected":false},"author":2,"featured_media":0,"comment_status":"open","ping_status":"open","sticky":false,"template":"","format":"standard","meta":{"_jetpack_newsletter_access":"","_jetpack_dont_email_post_to_subs":false,"_jetpack_newsletter_tier_id":0,"_jetpack_memberships_contains_paywalled_content":false,"_jetpack_feature_clip_id":0,"_jetpack_memberships_contains_paid_content":false,"footnotes":"","jetpack_publicize_message":"","jetpack_publicize_feature_enabled":true,"jetpack_social_post_already_shared":false,"jetpack_social_options":{"image_generator_settings":{"template":"highway","default_image_id":0,"font":"","enabled":false},"version":2},"jetpack_post_was_ever_published":false},"categories":[75],"tags":[76],"class_list":["post-27","post","type-post","status-publish","format-standard","hentry","category-lividi","tag-dolore"],"jetpack_publicize_connections":[],"jetpack_sharing_enabled":true,"jetpack_shortlink":"https:\/\/wp.me\/paarzV-r","jetpack_featured_media_url":"","_links":{"self":[{"href":"https:\/\/caderefamale.it\/index.php?rest_route=\/wp\/v2\/posts\/27","targetHints":{"allow":["GET"]}}],"collection":[{"href":"https:\/\/caderefamale.it\/index.php?rest_route=\/wp\/v2\/posts"}],"about":[{"href":"https:\/\/caderefamale.it\/index.php?rest_route=\/wp\/v2\/types\/post"}],"author":[{"embeddable":true,"href":"https:\/\/caderefamale.it\/index.php?rest_route=\/wp\/v2\/users\/2"}],"replies":[{"embeddable":true,"href":"https:\/\/caderefamale.it\/index.php?rest_route=%2Fwp%2Fv2%2Fcomments&post=27"}],"version-history":[{"count":1,"href":"https:\/\/caderefamale.it\/index.php?rest_route=\/wp\/v2\/posts\/27\/revisions"}],"predecessor-version":[{"id":482,"href":"https:\/\/caderefamale.it\/index.php?rest_route=\/wp\/v2\/posts\/27\/revisions\/482"}],"wp:attachment":[{"href":"https:\/\/caderefamale.it\/index.php?rest_route=%2Fwp%2Fv2%2Fmedia&parent=27"}],"wp:term":[{"taxonomy":"category","embeddable":true,"href":"https:\/\/caderefamale.it\/index.php?rest_route=%2Fwp%2Fv2%2Fcategories&post=27"},{"taxonomy":"post_tag","embeddable":true,"href":"https:\/\/caderefamale.it\/index.php?rest_route=%2Fwp%2Fv2%2Ftags&post=27"}],"curies":[{"name":"wp","href":"https:\/\/api.w.org\/{rel}","templated":true}]}}