{"id":273,"date":"2013-10-04T18:51:00","date_gmt":"2013-10-04T18:51:00","guid":{"rendered":"https:\/\/caderefamale.it\/2013\/10\/04\/una-firma\/"},"modified":"2013-10-04T18:51:00","modified_gmt":"2013-10-04T18:51:00","slug":"una-firma","status":"publish","type":"post","link":"https:\/\/caderefamale.it\/?p=273","title":{"rendered":"Una firma"},"content":{"rendered":"<div dir=\"ltr\" style=\"text-align: left;\">Stamattina tribunale,<\/p>\n<div>sono ufficialmente separata da Ken.<\/div>\n<div>Dopo oltre un anno e mezzo finalmente la sospirata firma.<\/div>\n<div><\/div>\n<div>Come mi sento?<\/div>\n<div>Non lo so.<\/div>\n<div>Nell&#8217;arco della giornata sono state tante le emozioni contrastanti, gioia, tristezza, felicit\u00e0, dolore.<\/div>\n<div><\/div>\n<div>E&#8217; la fine di un capitolo e l&#8217;inizio di uno nuovo.<\/div>\n<div>E&#8217; una firma che mi d\u00e0 una forma di senso di libert\u00e0, di regole che dovrebbero essere seguite ma gi\u00e0 so che non accadr\u00e0.<\/div>\n<div><\/div>\n<div>Per me il tradimento, l&#8217;abbandono, la separazione sono state una forma di lutto.<\/div>\n<div><\/div>\n<div>E&#8217; deceduta la persona che ho amato, scelto di sposare, con la quale ho vissuto, fatto dei figli, la persona che non ho mai tradito in tutto il tempo passato assieme.<\/div>\n<div>Quella persona \u00e8 morta un anno e mezzo fa.<\/div>\n<div><\/div>\n<div>Oggi ha firmato quello che per me \u00e8 uno Zombie: sembrerebbe lui come involucro corporeo, ma non \u00e8 lui, non c&#8217;\u00e8 pi\u00f9 nulla.&nbsp;<\/div>\n<div><\/div>\n<div>Oggi \u00e8 stato come portare i fiori sulla tomba.<\/div>\n<div><\/div>\n<div>Comunque nel dubbio all&#8217;andata in auto ho sentito la mia radio preferita in assoluto &#8220;radio Deejay con il trio medusa che parlava di depilazione di passere, e questo aiuta.<\/div>\n<div>Poi al ritorno mi sono comprata un paio di smalti dalle tinte alternative.<\/div>\n<div>Poi un &#8220;americano&#8221; come aperitivo con una amica<\/div>\n<div>Poi ho fatto la sorpresa ai miei bimbi e sono andata a prenderli a scuola e li ho coccolati baciati stracoccolati<\/div>\n<div>Ora ho mal di pancia per le schifezze mangiate davanti alla tele (patatine ecc.)..oppure per le emozioni contrastanti di oggi.<\/div>\n<div><\/div>\n<div>Comunque il risultato \u00e8 che:<\/div>\n<div>&#8211; il lutto \u00e8 elaborato,<\/div>\n<div>&#8211; fiori sulla tomba portati<\/div>\n<div>&#8211; ora diamo il via alle danze.<\/div>\n<div><\/div>\n<div>Micol Morelli ufficialmenteseparatadaken<\/div>\n<\/div>\n","protected":false},"excerpt":{"rendered":"<p>Stamattina tribunale, sono ufficialmente separata da Ken. Dopo oltre un anno e mezzo finalmente la sospirata firma. Come mi sento? Non lo so. Nell&#8217;arco della giornata sono state tante le emozioni contrastanti, gioia, tristezza, felicit\u00e0, dolore. E&#8217; la<\/p>\n","protected":false},"author":2,"featured_media":0,"comment_status":"open","ping_status":"open","sticky":false,"template":"","format":"standard","meta":{"_jetpack_newsletter_access":"","_jetpack_dont_email_post_to_subs":false,"_jetpack_newsletter_tier_id":0,"_jetpack_memberships_contains_paywalled_content":false,"_jetpack_feature_clip_id":0,"_jetpack_memberships_contains_paid_content":false,"footnotes":"","jetpack_publicize_message":"","jetpack_publicize_feature_enabled":true,"jetpack_social_post_already_shared":false,"jetpack_social_options":{"image_generator_settings":{"template":"highway","default_image_id":0,"font":"","enabled":false},"version":2},"jetpack_post_was_ever_published":false},"categories":[12],"tags":[],"class_list":["post-273","post","type-post","status-publish","format-standard","hentry","category-ken"],"jetpack_publicize_connections":[],"jetpack_sharing_enabled":true,"jetpack_shortlink":"https:\/\/wp.me\/paarzV-4p","jetpack_featured_media_url":"","_links":{"self":[{"href":"https:\/\/caderefamale.it\/index.php?rest_route=\/wp\/v2\/posts\/273","targetHints":{"allow":["GET"]}}],"collection":[{"href":"https:\/\/caderefamale.it\/index.php?rest_route=\/wp\/v2\/posts"}],"about":[{"href":"https:\/\/caderefamale.it\/index.php?rest_route=\/wp\/v2\/types\/post"}],"author":[{"embeddable":true,"href":"https:\/\/caderefamale.it\/index.php?rest_route=\/wp\/v2\/users\/2"}],"replies":[{"embeddable":true,"href":"https:\/\/caderefamale.it\/index.php?rest_route=%2Fwp%2Fv2%2Fcomments&post=273"}],"version-history":[{"count":0,"href":"https:\/\/caderefamale.it\/index.php?rest_route=\/wp\/v2\/posts\/273\/revisions"}],"wp:attachment":[{"href":"https:\/\/caderefamale.it\/index.php?rest_route=%2Fwp%2Fv2%2Fmedia&parent=273"}],"wp:term":[{"taxonomy":"category","embeddable":true,"href":"https:\/\/caderefamale.it\/index.php?rest_route=%2Fwp%2Fv2%2Fcategories&post=273"},{"taxonomy":"post_tag","embeddable":true,"href":"https:\/\/caderefamale.it\/index.php?rest_route=%2Fwp%2Fv2%2Ftags&post=273"}],"curies":[{"name":"wp","href":"https:\/\/api.w.org\/{rel}","templated":true}]}}