{"id":292,"date":"2013-09-09T20:26:00","date_gmt":"2013-09-09T20:26:00","guid":{"rendered":"https:\/\/caderefamale.it\/2013\/09\/09\/cambiano-le-classi-ma-limbecille-resta-tale\/"},"modified":"2024-05-04T19:56:06","modified_gmt":"2024-05-04T19:56:06","slug":"cambiano-le-classi-ma-limbecille-resta-tale","status":"publish","type":"post","link":"https:\/\/caderefamale.it\/?p=292","title":{"rendered":"Cambiano le classi ma l&#8217;Imbecille resta tale.."},"content":{"rendered":"<div dir=\"ltr\" style=\"text-align: left;\">Primo giorno di scuola: molti padri erano presenti all&#8217;ingresso sia delle prime classi che per quelle successive.<\/p>\n<div>Chiunque sia genitore se pu\u00f2 accompagna i propri figli a scuola, almeno il primo giorno.<\/div>\n<div><\/div>\n<div>Chiaramente Ken non c&#8217;era.<\/div>\n<div><a href=\"https:\/\/encrypted-tbn3.gstatic.com\/images?q=tbn:ANd9GcQG-lLSELstE1WBpkigpW7E53Gzu_sjPsAJY7rSRk74cg-ojTMpqw\" style=\"clear: right; float: right; margin-bottom: 1em; margin-left: 1em;\"><img decoding=\"async\" border=\"0\" height=\"112\" src=\"https:\/\/encrypted-tbn3.gstatic.com\/images?q=tbn:ANd9GcQG-lLSELstE1WBpkigpW7E53Gzu_sjPsAJY7rSRk74cg-ojTMpqw\" width=\"200\" \/><\/a>Non c&#8217;era neanche al primo giorno di scuola n\u00e9 della prima materna, n\u00e9 della prima elementare, n\u00e9 per nostro figlio maggiore n\u00e9 per il minore ed erano tempi non sospetti dove non c&#8217;era Barbie e sembravamo la &#8220;famiglia del mulino bianco&#8221;.<\/div>\n<div><\/div>\n<div><\/div>\n<div><\/div>\n<div><\/div>\n<div>Non ha neanche fatto il classico &#8220;In bocca al lupo&#8221; e non ha chiamato per sapere come era andata.<\/div>\n<div><\/div>\n<div>Perch\u00e9 mi stupisco ancora??<\/div>\n<div>Perch\u00e9 ho un animo buono,&nbsp;<\/div>\n<div>perch\u00e9 sono una ottimista di natura,&nbsp;<\/div>\n<div>perch\u00e9 credo nel miglioramento della specie,&nbsp;<\/div>\n<div>perch\u00e9 spero di vedere i sintomi di una possibile evoluzione da super Imbecille a normo Imbecille<\/div>\n<div>perch\u00e9 non posso pensare di aver spostato un Imbecille del genere.<\/div>\n<div><\/div>\n<div>I bimbi non si fanno pi\u00f9 neanche delle domande, non considerano la sua esistenza in qualit\u00e0 di genitore ma solo di scocciatura telefonica saltuaria.<\/div>\n<div>Sono solo io che mi faccio ancora delle domande..<\/div>\n<div><\/div>\n<div>Io mio album mentale di fotografie dei miei figli \u00e8 ricco, divertente, emozionante, quotidiano.&nbsp;<\/div>\n<div>E&#8217; pura gioia poter avere il privilegio di goderseli.<\/div>\n<div><\/div>\n<div>Micol Morelli cercandodismetteredifarmidomandesenzarisposte<\/div>\n<div>caderefamale.blogspot.it<\/div>\n<div><\/div>\n<\/div>\n","protected":false},"excerpt":{"rendered":"<p>Primo giorno di scuola: molti padri erano presenti all&#8217;ingresso sia delle prime classi che per quelle successive. Chiunque sia genitore se pu\u00f2 accompagna i propri figli a scuola, almeno il primo giorno. Chiaramente Ken non c&#8217;era. Non c&#8217;era<\/p>\n","protected":false},"author":2,"featured_media":0,"comment_status":"open","ping_status":"open","sticky":false,"template":"","format":"standard","meta":{"_jetpack_newsletter_access":"","_jetpack_dont_email_post_to_subs":false,"_jetpack_newsletter_tier_id":0,"_jetpack_memberships_contains_paywalled_content":false,"_jetpack_feature_clip_id":0,"_jetpack_memberships_contains_paid_content":false,"footnotes":"","jetpack_publicize_message":"","jetpack_publicize_feature_enabled":true,"jetpack_social_post_already_shared":false,"jetpack_social_options":{"image_generator_settings":{"template":"highway","default_image_id":0,"font":"","enabled":false},"version":2},"jetpack_post_was_ever_published":false},"categories":[12,89],"tags":[94,83],"class_list":["post-292","post","type-post","status-publish","format-standard","hentry","category-ken","category-le-cadute-di-micol","tag-imbecille","tag-ken"],"jetpack_publicize_connections":[],"jetpack_sharing_enabled":true,"jetpack_shortlink":"https:\/\/wp.me\/paarzV-4I","jetpack_featured_media_url":"","_links":{"self":[{"href":"https:\/\/caderefamale.it\/index.php?rest_route=\/wp\/v2\/posts\/292","targetHints":{"allow":["GET"]}}],"collection":[{"href":"https:\/\/caderefamale.it\/index.php?rest_route=\/wp\/v2\/posts"}],"about":[{"href":"https:\/\/caderefamale.it\/index.php?rest_route=\/wp\/v2\/types\/post"}],"author":[{"embeddable":true,"href":"https:\/\/caderefamale.it\/index.php?rest_route=\/wp\/v2\/users\/2"}],"replies":[{"embeddable":true,"href":"https:\/\/caderefamale.it\/index.php?rest_route=%2Fwp%2Fv2%2Fcomments&post=292"}],"version-history":[{"count":1,"href":"https:\/\/caderefamale.it\/index.php?rest_route=\/wp\/v2\/posts\/292\/revisions"}],"predecessor-version":[{"id":1796,"href":"https:\/\/caderefamale.it\/index.php?rest_route=\/wp\/v2\/posts\/292\/revisions\/1796"}],"wp:attachment":[{"href":"https:\/\/caderefamale.it\/index.php?rest_route=%2Fwp%2Fv2%2Fmedia&parent=292"}],"wp:term":[{"taxonomy":"category","embeddable":true,"href":"https:\/\/caderefamale.it\/index.php?rest_route=%2Fwp%2Fv2%2Fcategories&post=292"},{"taxonomy":"post_tag","embeddable":true,"href":"https:\/\/caderefamale.it\/index.php?rest_route=%2Fwp%2Fv2%2Ftags&post=292"}],"curies":[{"name":"wp","href":"https:\/\/api.w.org\/{rel}","templated":true}]}}