{"id":313,"date":"2013-08-05T20:32:00","date_gmt":"2013-08-05T20:32:00","guid":{"rendered":"https:\/\/caderefamale.it\/2013\/08\/05\/photoshop-ii\/"},"modified":"2024-05-04T19:39:17","modified_gmt":"2024-05-04T19:39:17","slug":"photoshop-ii","status":"publish","type":"post","link":"https:\/\/caderefamale.it\/?p=313","title":{"rendered":"Photoshop II"},"content":{"rendered":"<div dir=\"ltr\" style=\"text-align: left;\">Perch\u00e9 sto guardando dei video degli anni &#8217;90 e mi sembra tutto cos\u00ec buffo..<br \/>Le pettinature<br \/>I vestiti<br \/>I visi..<\/p>\n<p>I ricordi nella mia mente sono decisamente gi\u00e0 passati da photoshop, aggiornato tutto:<br \/>pettinatura<br \/>vestiti<br \/>visi<br \/>: )<\/p>\n<p>C&#8217;ero ma&#8230; cool<\/p>\n<p>Micol Morelli programma di photoshop integrato nella memoria<\/p>\n<p>Caderefamale.blogspot.it<\/p><\/div>\n","protected":false},"excerpt":{"rendered":"<p>Perch\u00e9 sto guardando dei video degli anni &#8217;90 e mi sembra tutto cos\u00ec buffo..Le pettinatureI vestitiI visi.. I ricordi nella mia mente sono decisamente gi\u00e0 passati da photoshop, aggiornato tutto:pettinaturavestitivisi: ) C&#8217;ero ma&#8230; cool Micol Morelli programma di<\/p>\n","protected":false},"author":2,"featured_media":0,"comment_status":"open","ping_status":"open","sticky":false,"template":"","format":"standard","meta":{"_jetpack_newsletter_access":"","_jetpack_dont_email_post_to_subs":false,"_jetpack_newsletter_tier_id":0,"_jetpack_memberships_contains_paywalled_content":false,"_jetpack_feature_clip_id":0,"_jetpack_memberships_contains_paid_content":false,"footnotes":"","jetpack_publicize_message":"","jetpack_publicize_feature_enabled":true,"jetpack_social_post_already_shared":false,"jetpack_social_options":{"image_generator_settings":{"template":"highway","default_image_id":0,"font":"","enabled":false},"version":2},"jetpack_post_was_ever_published":false},"categories":[313,2,3],"tags":[],"class_list":["post-313","post","type-post","status-publish","format-standard","hentry","category-le-riflessioni-di-micol","category-osservazioni","category-ricordi"],"jetpack_publicize_connections":[],"jetpack_sharing_enabled":true,"jetpack_shortlink":"https:\/\/wp.me\/paarzV-53","jetpack_featured_media_url":"","_links":{"self":[{"href":"https:\/\/caderefamale.it\/index.php?rest_route=\/wp\/v2\/posts\/313","targetHints":{"allow":["GET"]}}],"collection":[{"href":"https:\/\/caderefamale.it\/index.php?rest_route=\/wp\/v2\/posts"}],"about":[{"href":"https:\/\/caderefamale.it\/index.php?rest_route=\/wp\/v2\/types\/post"}],"author":[{"embeddable":true,"href":"https:\/\/caderefamale.it\/index.php?rest_route=\/wp\/v2\/users\/2"}],"replies":[{"embeddable":true,"href":"https:\/\/caderefamale.it\/index.php?rest_route=%2Fwp%2Fv2%2Fcomments&post=313"}],"version-history":[{"count":1,"href":"https:\/\/caderefamale.it\/index.php?rest_route=\/wp\/v2\/posts\/313\/revisions"}],"predecessor-version":[{"id":1773,"href":"https:\/\/caderefamale.it\/index.php?rest_route=\/wp\/v2\/posts\/313\/revisions\/1773"}],"wp:attachment":[{"href":"https:\/\/caderefamale.it\/index.php?rest_route=%2Fwp%2Fv2%2Fmedia&parent=313"}],"wp:term":[{"taxonomy":"category","embeddable":true,"href":"https:\/\/caderefamale.it\/index.php?rest_route=%2Fwp%2Fv2%2Fcategories&post=313"},{"taxonomy":"post_tag","embeddable":true,"href":"https:\/\/caderefamale.it\/index.php?rest_route=%2Fwp%2Fv2%2Ftags&post=313"}],"curies":[{"name":"wp","href":"https:\/\/api.w.org\/{rel}","templated":true}]}}