{"id":338,"date":"2013-05-20T21:36:00","date_gmt":"2013-05-20T21:36:00","guid":{"rendered":"https:\/\/caderefamale.it\/2013\/05\/20\/chicca-serale\/"},"modified":"2024-05-04T19:10:01","modified_gmt":"2024-05-04T19:10:01","slug":"chicca-serale","status":"publish","type":"post","link":"https:\/\/caderefamale.it\/?p=338","title":{"rendered":"Chicca serale"},"content":{"rendered":"<div dir=\"ltr\" style=\"text-align: left;\">Metto a letto i bimbi,<br \/>li coccolo, li bacio, si chiacchiera e mi fanno:<br \/>-&#8220;Il pap\u00e0 ci ha chiesto se sei invidiosa di Barbie?&#8221; e si mettono a ridere..<\/p>\n<p>Commentando:<br \/>-&#8220;Vedi, proprio non ti conosce. Come fa a pensare ad una roba del genere!&#8221;<\/p>\n<p>Li ribacio e socchiudo la porta.<\/p>\n<p>Li adoro, adoro come mi conoscono, come mi capiscono e la complicit\u00e0 totale che abbiamo trovato in questa assurda situazione.<\/p>\n<p>Mi metto a pensare a come potrei mai essere invidiosa di Barbie&#8230; \u00e8 davvero imbarazzante&#8230;non trovo assolutamente nulla.<\/p>\n<p>Molto pi\u00f9 imbarazzante \u00e8 la totale mancanza di autostima di Ken e la sua totale incapacit\u00e0 di essere adulto, non dico genitore perch\u00e9 credo che sia un livello talmente alto che neanche su una ruota panoramica potrebbe intravederlo.<\/p>\n<p>Mi viene in mente uno degli ultimi commenti dei miei figli fatto in occasione di una cena:<br \/>&#8211; &#8220;Dobbiamo dire che da <u>dopo l&#8217;incidente<\/u> abbiamo decisamente una vita mondana!&#8221;<br \/>Sorrido, \u00e8 vero gli amici sono spesso a casa nostra, organizziamo pranzi, cene, fine settimana, feste..<br \/>Si dopo l&#8217;incidente abbiamo iniziato a divertici!!<\/p>\n<p>Buonanotte amori miei<\/p>\n<p>Micol Morelli<br \/>caderefamale.blogspot.it<\/p>\n<\/div>\n","protected":false},"excerpt":{"rendered":"<p>Metto a letto i bimbi,li coccolo, li bacio, si chiacchiera e mi fanno:-&#8220;Il pap\u00e0 ci ha chiesto se sei invidiosa di Barbie?&#8221; e si mettono a ridere.. Commentando:-&#8220;Vedi, proprio non ti conosce. Come fa a pensare ad una<\/p>\n","protected":false},"author":2,"featured_media":0,"comment_status":"open","ping_status":"open","sticky":false,"template":"","format":"standard","meta":{"_jetpack_newsletter_access":"","_jetpack_dont_email_post_to_subs":false,"_jetpack_newsletter_tier_id":0,"_jetpack_memberships_contains_paywalled_content":false,"_jetpack_feature_clip_id":0,"_jetpack_memberships_contains_paid_content":false,"footnotes":"","jetpack_publicize_message":"","jetpack_publicize_feature_enabled":true,"jetpack_social_post_already_shared":false,"jetpack_social_options":{"image_generator_settings":{"template":"highway","default_image_id":0,"font":"","enabled":false},"version":2},"jetpack_post_was_ever_published":false},"categories":[313,3],"tags":[],"class_list":["post-338","post","type-post","status-publish","format-standard","hentry","category-le-riflessioni-di-micol","category-ricordi"],"jetpack_publicize_connections":[],"jetpack_sharing_enabled":true,"jetpack_shortlink":"https:\/\/wp.me\/paarzV-5s","jetpack_featured_media_url":"","_links":{"self":[{"href":"https:\/\/caderefamale.it\/index.php?rest_route=\/wp\/v2\/posts\/338","targetHints":{"allow":["GET"]}}],"collection":[{"href":"https:\/\/caderefamale.it\/index.php?rest_route=\/wp\/v2\/posts"}],"about":[{"href":"https:\/\/caderefamale.it\/index.php?rest_route=\/wp\/v2\/types\/post"}],"author":[{"embeddable":true,"href":"https:\/\/caderefamale.it\/index.php?rest_route=\/wp\/v2\/users\/2"}],"replies":[{"embeddable":true,"href":"https:\/\/caderefamale.it\/index.php?rest_route=%2Fwp%2Fv2%2Fcomments&post=338"}],"version-history":[{"count":1,"href":"https:\/\/caderefamale.it\/index.php?rest_route=\/wp\/v2\/posts\/338\/revisions"}],"predecessor-version":[{"id":1734,"href":"https:\/\/caderefamale.it\/index.php?rest_route=\/wp\/v2\/posts\/338\/revisions\/1734"}],"wp:attachment":[{"href":"https:\/\/caderefamale.it\/index.php?rest_route=%2Fwp%2Fv2%2Fmedia&parent=338"}],"wp:term":[{"taxonomy":"category","embeddable":true,"href":"https:\/\/caderefamale.it\/index.php?rest_route=%2Fwp%2Fv2%2Fcategories&post=338"},{"taxonomy":"post_tag","embeddable":true,"href":"https:\/\/caderefamale.it\/index.php?rest_route=%2Fwp%2Fv2%2Ftags&post=338"}],"curies":[{"name":"wp","href":"https:\/\/api.w.org\/{rel}","templated":true}]}}