{"id":359,"date":"2013-03-26T21:12:00","date_gmt":"2013-03-26T21:12:00","guid":{"rendered":"https:\/\/caderefamale.it\/2013\/03\/26\/margine-di-crescita-dellimbecillita\/"},"modified":"2024-05-04T18:53:36","modified_gmt":"2024-05-04T18:53:36","slug":"margine-di-crescita-dellimbecillita","status":"publish","type":"post","link":"https:\/\/caderefamale.it\/?p=359","title":{"rendered":"Margine di crescita dell&#8217;Imbecillit\u00e0"},"content":{"rendered":"<div dir=\"ltr\" style=\"text-align: left;\">Bisogna ammettere che il margine di crescita dell&#8217;Imbecillit\u00e0 non soffre il periodo di crisi del paese.<\/p>\n<div>Anche quando penso che non possa salire ulteriormente, mi sbaglio!<\/div>\n<div><\/div>\n<div><a style=\"clear: right; float: right; margin-bottom: 1em; margin-left: 1em;\" href=\"https:\/\/encrypted-tbn1.gstatic.com\/images?q=tbn:ANd9GcSayeJ4FvDR07QldNENwyIwuja7UUHlQNCtL4KMC_Y_ZGy3ztlWRA\"><img decoding=\"async\" src=\"https:\/\/encrypted-tbn1.gstatic.com\/images?q=tbn:ANd9GcRGVgilFSbouuGK6DQ__gvcu_OHxGPoVMOyrm2h4H6iTlU2icE5\" width=\"200\" height=\"149\" \/><\/a><\/div>\n<div>Pu\u00f2 aumentare<\/div>\n<div>Pu\u00f2 raggiungere spazi inesplorati<\/div>\n<div>Pu\u00f2 aprire un numero infinito di filiali<\/div>\n<div>&#8230;pu\u00f2.<\/div>\n<div><\/div>\n<div>Luned\u00ec dopo le 2 ore con i figli, li ha lasciati dicendo loro che li avrebbe portati in piscina mercoled\u00ec.<\/div>\n<div>Come tutti i genitori sanno, mercoled\u00ec iniziano le vacanze pasquali e le scuole terminano prima del pranzo, quindi i bimbi sarebbero stati liberi dalle 12.30 in poi.<\/div>\n<div><\/div>\n<div>Siamo a marted\u00ec alle 20.50 non si avevano ancora notizie, (in questo caso io spero sempre nella buona notizia&#8230;quella dove devo mettere il cappello con la veletta nera), i bimbi mandano un sms per sapere a che ora intende prenderli.<\/div>\n<div><\/div>\n<div>Telefonata in arrivo, dopo la lettura dell&#8217;sms, soliti convenevoli:<\/div>\n<div>I &#8220;Dove siete? Con chi siete? Cosa avete fatto?&#8221; il concetto di dialogo biunivoco non appartiene alla mente dell&#8217;Imbecille.<\/div>\n<div>I: &#8220;Vi vengo a prendere alle 16.30&#8221;<\/div>\n<div>B: &#8221; Ma ti ricordi che noi usciamo alle 12.30?&#8221;<\/div>\n<div>I: &#8220;Certo, appunto vengo alle 16.30! A domani ciao&#8221;<\/div>\n<div><\/div>\n<div><img decoding=\"async\" src=\"https:\/\/encrypted-tbn1.gstatic.com\/images?q=tbn:ANd9GcR7ox0lQNyjZlhUYETcVidVD4Syp-BlipXFfYE8SKKgsTzo6Ot_MA\" width=\"200\" height=\"112\" \/><\/div>\n<div><\/div>\n<div>Un modo meno scurrile per dire Testa di Cazzo non riesco a trovarlo&#8230;<\/div>\n<div>Se mi fornite dei sinonimi pi\u00f9 idonei ma ugualmente efficaci mi fate un favore.<\/div>\n<div><\/div>\n<div>Li ho guardati, e in coro mi hanno detto F: &#8220;Avr\u00e0 impegni con Barbie&#8221; e si sono messi a ridere&#8230;<\/div>\n<div><\/div>\n<div>Mi toccher\u00e0 pagare anni di terapia a me o a loro&#8230;<\/div>\n<div><\/div>\n<div><\/div>\n<div>Micol Morelli alla ricerca di insulti appaganti<\/div>\n<div>caderefamale.blogspot.it<\/div>\n<div><\/div>\n<div>Scheda personale:<\/div>\n<div>Nome: Ken<\/div>\n<div>Cognome: Imbecille<\/div>\n<\/div>\n","protected":false},"excerpt":{"rendered":"<p>Bisogna ammettere che il margine di crescita dell&#8217;Imbecillit\u00e0 non soffre il periodo di crisi del paese. Anche quando penso che non possa salire ulteriormente, mi sbaglio! Pu\u00f2 aumentare Pu\u00f2 raggiungere spazi inesplorati Pu\u00f2 aprire un numero infinito di<\/p>\n","protected":false},"author":2,"featured_media":1712,"comment_status":"open","ping_status":"open","sticky":false,"template":"","format":"standard","meta":{"_jetpack_newsletter_access":"","_jetpack_dont_email_post_to_subs":false,"_jetpack_newsletter_tier_id":0,"_jetpack_memberships_contains_paywalled_content":false,"_jetpack_feature_clip_id":0,"_jetpack_memberships_contains_paid_content":false,"footnotes":"","jetpack_publicize_message":"","jetpack_publicize_feature_enabled":true,"jetpack_social_post_already_shared":false,"jetpack_social_options":{"image_generator_settings":{"template":"highway","default_image_id":0,"font":"","enabled":false},"version":2},"jetpack_post_was_ever_published":false},"categories":[14,12,89],"tags":[],"class_list":["post-359","post","type-post","status-publish","format-standard","has-post-thumbnail","hentry","category-imbecille","category-ken","category-le-cadute-di-micol"],"jetpack_publicize_connections":[],"jetpack_sharing_enabled":true,"jetpack_shortlink":"https:\/\/wp.me\/paarzV-5N","jetpack_featured_media_url":"https:\/\/i0.wp.com\/caderefamale.it\/wp-content\/uploads\/2013\/03\/margine-di-crescita.jpeg?fit=300%2C168&ssl=1","_links":{"self":[{"href":"https:\/\/caderefamale.it\/index.php?rest_route=\/wp\/v2\/posts\/359","targetHints":{"allow":["GET"]}}],"collection":[{"href":"https:\/\/caderefamale.it\/index.php?rest_route=\/wp\/v2\/posts"}],"about":[{"href":"https:\/\/caderefamale.it\/index.php?rest_route=\/wp\/v2\/types\/post"}],"author":[{"embeddable":true,"href":"https:\/\/caderefamale.it\/index.php?rest_route=\/wp\/v2\/users\/2"}],"replies":[{"embeddable":true,"href":"https:\/\/caderefamale.it\/index.php?rest_route=%2Fwp%2Fv2%2Fcomments&post=359"}],"version-history":[{"count":1,"href":"https:\/\/caderefamale.it\/index.php?rest_route=\/wp\/v2\/posts\/359\/revisions"}],"predecessor-version":[{"id":1713,"href":"https:\/\/caderefamale.it\/index.php?rest_route=\/wp\/v2\/posts\/359\/revisions\/1713"}],"wp:featuredmedia":[{"embeddable":true,"href":"https:\/\/caderefamale.it\/index.php?rest_route=\/wp\/v2\/media\/1712"}],"wp:attachment":[{"href":"https:\/\/caderefamale.it\/index.php?rest_route=%2Fwp%2Fv2%2Fmedia&parent=359"}],"wp:term":[{"taxonomy":"category","embeddable":true,"href":"https:\/\/caderefamale.it\/index.php?rest_route=%2Fwp%2Fv2%2Fcategories&post=359"},{"taxonomy":"post_tag","embeddable":true,"href":"https:\/\/caderefamale.it\/index.php?rest_route=%2Fwp%2Fv2%2Ftags&post=359"}],"curies":[{"name":"wp","href":"https:\/\/api.w.org\/{rel}","templated":true}]}}