{"id":36,"date":"2016-02-29T18:17:00","date_gmt":"2016-02-29T18:17:00","guid":{"rendered":"https:\/\/caderefamale.it\/2016\/02\/29\/il-giorno-che-non-ce\/"},"modified":"2016-02-29T18:17:00","modified_gmt":"2016-02-29T18:17:00","slug":"il-giorno-che-non-ce","status":"publish","type":"post","link":"https:\/\/caderefamale.it\/?p=36","title":{"rendered":"il giorno che non c&#8217;\u00e8"},"content":{"rendered":"<div dir=\"ltr\" style=\"text-align: left;\">Un giorno in pi\u00f9..<br \/>il giorno che non c\u00e8<br \/>forse bisognerebbe usarlo in modo speciale, regalaselo, organizzare una fuga dalla propria giornata standard, come fare sega a scuola:<br \/>zaino pronto per la giornata a scuola ma non entri e scegli di fare un giro al lago, oppure in centro, oppure passare la giornata in un caff\u00e8 con un libro<\/p>\n<p>Il mio non \u00e8 stato cos\u00ec.. lavoro d&#8217;ufficio e smaltimento di parte della documentazione accumulata<\/p>\n<p>\u00e8 un momento complicato, una persona che \u00e8 diventata particolarmente cara negli ultimi anni rischia di non avere pi\u00f9 &#8220;tanti giorni in pi\u00f9&#8221;.. e questo mi porta a pensare all&#8217;importanza di fare ci\u00f2 che davvero si desidera e ci rende felici, o meglio a cercare di farlo..<\/p>\n<p>io quello che mi rende davvero felice non ho ancora imparato a definirlo con precisione, per\u00f2 mi sento di dire che:<br \/>&#8211; mi sento felice quando sono serena<br \/>&#8211; mi sento felice quando bacio mio figlio<br \/>&#8211; mi sento felice quanto dormo fra le braccia di chi amo<br \/>&#8211; mi sento felice quanto sono in viaggio<br \/>&#8211; mi sento felice quanto leggo<br \/>&#8211; mi sento felice quanto sento il mare<\/p>\n<p>I momenti di felicit\u00e0 sono fotografie che restano nella mia memoria, che posso vedere quando voglio e mi fanno sorridere.<\/p>\n<p>in questo complicato momento sto cercando di capire cosa potrebbe fare felice, almeno per pochi momenti, questa persona e per quel poco che posso cerco di creare quei momenti di sorrisi spontanei, di risate che scaldano il cuore a lei ora e che formeranno i ricordi di mio figlio quando lei non ci sar\u00e0 pi\u00f9<\/p>\n<p>Micol Morelli<br \/>caderefamale.blogspot.com<\/div>\n","protected":false},"excerpt":{"rendered":"<p>Un giorno in pi\u00f9..il giorno che non c\u00e8forse bisognerebbe usarlo in modo speciale, regalaselo, organizzare una fuga dalla propria giornata standard, come fare sega a scuola:zaino pronto per la giornata a scuola ma non entri e scegli di<\/p>\n","protected":false},"author":2,"featured_media":0,"comment_status":"open","ping_status":"open","sticky":false,"template":"","format":"standard","meta":{"_jetpack_newsletter_access":"","_jetpack_dont_email_post_to_subs":false,"_jetpack_newsletter_tier_id":0,"_jetpack_memberships_contains_paywalled_content":false,"_jetpack_feature_clip_id":0,"_jetpack_memberships_contains_paid_content":false,"footnotes":"","jetpack_publicize_message":"","jetpack_publicize_feature_enabled":true,"jetpack_social_post_already_shared":false,"jetpack_social_options":{"image_generator_settings":{"template":"highway","default_image_id":0,"font":"","enabled":false},"version":2},"jetpack_post_was_ever_published":false},"categories":[9],"tags":[],"class_list":["post-36","post","type-post","status-publish","format-standard","hentry","category-riflessioni"],"jetpack_publicize_connections":[],"jetpack_sharing_enabled":true,"jetpack_shortlink":"https:\/\/wp.me\/paarzV-A","jetpack_featured_media_url":"","_links":{"self":[{"href":"https:\/\/caderefamale.it\/index.php?rest_route=\/wp\/v2\/posts\/36","targetHints":{"allow":["GET"]}}],"collection":[{"href":"https:\/\/caderefamale.it\/index.php?rest_route=\/wp\/v2\/posts"}],"about":[{"href":"https:\/\/caderefamale.it\/index.php?rest_route=\/wp\/v2\/types\/post"}],"author":[{"embeddable":true,"href":"https:\/\/caderefamale.it\/index.php?rest_route=\/wp\/v2\/users\/2"}],"replies":[{"embeddable":true,"href":"https:\/\/caderefamale.it\/index.php?rest_route=%2Fwp%2Fv2%2Fcomments&post=36"}],"version-history":[{"count":0,"href":"https:\/\/caderefamale.it\/index.php?rest_route=\/wp\/v2\/posts\/36\/revisions"}],"wp:attachment":[{"href":"https:\/\/caderefamale.it\/index.php?rest_route=%2Fwp%2Fv2%2Fmedia&parent=36"}],"wp:term":[{"taxonomy":"category","embeddable":true,"href":"https:\/\/caderefamale.it\/index.php?rest_route=%2Fwp%2Fv2%2Fcategories&post=36"},{"taxonomy":"post_tag","embeddable":true,"href":"https:\/\/caderefamale.it\/index.php?rest_route=%2Fwp%2Fv2%2Ftags&post=36"}],"curies":[{"name":"wp","href":"https:\/\/api.w.org\/{rel}","templated":true}]}}