{"id":364,"date":"2013-03-19T21:26:00","date_gmt":"2013-03-19T21:26:00","guid":{"rendered":"https:\/\/caderefamale.it\/2013\/03\/19\/mente-piccola-cuore-piccolo\/"},"modified":"2024-05-04T16:19:15","modified_gmt":"2024-05-04T16:19:15","slug":"mente-piccola-cuore-piccolo","status":"publish","type":"post","link":"https:\/\/caderefamale.it\/?p=364","title":{"rendered":"Mente piccola, cuore piccolo&#8230;"},"content":{"rendered":"<div dir=\"ltr\" style=\"text-align: left;\">Mi sembrava strano&#8230;<br \/>giornata pressoch\u00e9 tranquilla, nuovo lavoro in sperimentazione, tran tran solito, quattro chiacchiere con amici, &nbsp;giocato con i bimbi e poco fa Sir Imbe (diminutivo di Imbecille) alias Ken ha &#8220;esternato&#8221; via sms parlando in terza persona..il suo disappunto!<\/p>\n<p>Vero, \u00e8 la giornata del pap\u00e0. Analizziamo il termine pap\u00e0:<br \/>&#8211; passa il tempo con i suoi figli<br \/>&#8211; si occupa della loro crescita emotiva, intellettuale, fisica<br \/>&#8211; dedica attenzione ai loro racconti<br \/>&#8211; si occupa di loro (anche saltuariamente)<br \/>e via dicendo&#8230; non allungo la lista perch\u00e9 diventa imbarazzante il confronto con un pap\u00e0 normale.<\/p>\n<p>Nel caso dell&#8217;Imbe, &nbsp;il padre \u00e8 colui che ha donato il proprio seme, stop&#8230; (sono arrivata a sperare che sia un seme molto blando). Uscito di casa ha dimenticato qualsiasi comportamento da pap\u00e0.<\/p>\n<p>Vero, io non ho sottolineato in continuazione che oggi era la festa del pap\u00e0, ci avevano gi\u00e0 pensato insegnati, pubblicit\u00e0 e situazioni varie, oltre ad avermi fatto vedere il lavoretti fatti a scuola per l&#8217;occasione.<\/p>\n<p>Nel suo discorso in terza persona, l&#8217;Imbe, ci ha tenuto a mortificare i bambini per non averlo chiamato, o messaggiato con frasi di amore nei suoi confronti.<br \/><a href=\"https:\/\/encrypted-tbn3.gstatic.com\/images?q=tbn:ANd9GcRYDwZc9Um_Ne5Ye4CtHbi5g5o49K_v8TgJ34oY0xVEokMPUYSMKA\" style=\"clear: right; float: right; margin-bottom: 1em; margin-left: 1em;\"><img decoding=\"async\" border=\"0\" height=\"200\" src=\"https:\/\/encrypted-tbn3.gstatic.com\/images?q=tbn:ANd9GcRYDwZc9Um_Ne5Ye4CtHbi5g5o49K_v8TgJ34oY0xVEokMPUYSMKA\" width=\"142\" \/><\/a>Commento dei bimbi dopo la lettura del messaggio sul loro cellulare personale (quello preso perch\u00e9 il pap\u00e0 potesse sentirli liberamente senza passare da me): &#8220;Miiiii la divina commedia, direi la parte dell&#8217;Inferno!!!&#8221;<\/p>\n<p>Ci hanno pensato su, ed hanno deciso di non rispondere considerando puerile il comportamento del genitore al quale avevano gi\u00e0 ricordato la giornata del pap\u00e0 ieri sera e che probabilmente non li aveva ascoltati.<\/p>\n<p>Mi sono accoccolata con loro in camera abbiamo letto un libretto divertente, li ho abbracciati coccolati, spento la luce e socchiuso la porta.<\/p>\n<p>Come si fa ad essere cos\u00ec piccoli di mente e di cuore&#8230; non ti fai mai sentire, non dedichi tempo a loro e pretendi che pendano dalle tua labbra e che ti rispettino solo perch\u00e9 biologicamente sono una parte tua??<\/p>\n<p>Se dovessero istituire la giornata degli Imbe avrebbe auguri assicurati!!<\/p>\n<p>Micol Morelli (ma che cacchio pensavo quando l&#8217;ho sposato)<br \/>caderefamale.blogspot.it<\/div>\n","protected":false},"excerpt":{"rendered":"<p>Mi sembrava strano&#8230;giornata pressoch\u00e9 tranquilla, nuovo lavoro in sperimentazione, tran tran solito, quattro chiacchiere con amici, &nbsp;giocato con i bimbi e poco fa Sir Imbe (diminutivo di Imbecille) alias Ken ha &#8220;esternato&#8221; via sms parlando in terza persona..il<\/p>\n","protected":false},"author":2,"featured_media":0,"comment_status":"open","ping_status":"open","sticky":false,"template":"","format":"standard","meta":{"_jetpack_newsletter_access":"","_jetpack_dont_email_post_to_subs":false,"_jetpack_newsletter_tier_id":0,"_jetpack_memberships_contains_paywalled_content":false,"_jetpack_feature_clip_id":0,"_jetpack_memberships_contains_paid_content":false,"footnotes":"","jetpack_publicize_message":"","jetpack_publicize_feature_enabled":true,"jetpack_social_post_already_shared":false,"jetpack_social_options":{"image_generator_settings":{"template":"highway","default_image_id":0,"font":"","enabled":false},"version":2},"jetpack_post_was_ever_published":false},"categories":[14,12,89],"tags":[],"class_list":["post-364","post","type-post","status-publish","format-standard","hentry","category-imbecille","category-ken","category-le-cadute-di-micol"],"jetpack_publicize_connections":[],"jetpack_sharing_enabled":true,"jetpack_shortlink":"https:\/\/wp.me\/paarzV-5S","jetpack_featured_media_url":"","_links":{"self":[{"href":"https:\/\/caderefamale.it\/index.php?rest_route=\/wp\/v2\/posts\/364","targetHints":{"allow":["GET"]}}],"collection":[{"href":"https:\/\/caderefamale.it\/index.php?rest_route=\/wp\/v2\/posts"}],"about":[{"href":"https:\/\/caderefamale.it\/index.php?rest_route=\/wp\/v2\/types\/post"}],"author":[{"embeddable":true,"href":"https:\/\/caderefamale.it\/index.php?rest_route=\/wp\/v2\/users\/2"}],"replies":[{"embeddable":true,"href":"https:\/\/caderefamale.it\/index.php?rest_route=%2Fwp%2Fv2%2Fcomments&post=364"}],"version-history":[{"count":1,"href":"https:\/\/caderefamale.it\/index.php?rest_route=\/wp\/v2\/posts\/364\/revisions"}],"predecessor-version":[{"id":1710,"href":"https:\/\/caderefamale.it\/index.php?rest_route=\/wp\/v2\/posts\/364\/revisions\/1710"}],"wp:attachment":[{"href":"https:\/\/caderefamale.it\/index.php?rest_route=%2Fwp%2Fv2%2Fmedia&parent=364"}],"wp:term":[{"taxonomy":"category","embeddable":true,"href":"https:\/\/caderefamale.it\/index.php?rest_route=%2Fwp%2Fv2%2Fcategories&post=364"},{"taxonomy":"post_tag","embeddable":true,"href":"https:\/\/caderefamale.it\/index.php?rest_route=%2Fwp%2Fv2%2Ftags&post=364"}],"curies":[{"name":"wp","href":"https:\/\/api.w.org\/{rel}","templated":true}]}}