{"id":381,"date":"2013-02-25T13:01:00","date_gmt":"2013-02-25T13:01:00","guid":{"rendered":"https:\/\/caderefamale.it\/2013\/02\/25\/concetto-organizzativo-di-ken\/"},"modified":"2024-05-04T16:07:29","modified_gmt":"2024-05-04T16:07:29","slug":"concetto-organizzativo-di-ken","status":"publish","type":"post","link":"https:\/\/caderefamale.it\/?p=381","title":{"rendered":"Concetto organizzativo di Ken"},"content":{"rendered":"<div dir=\"ltr\" style=\"text-align: left;\">\n<h3 style=\"text-align: left;\">Concetto organizzativo di Ken:<\/h3>\n<div><\/div>\n<p>I bimbi sono a casa per le elezioni, quindi c&#8217;era da venerd\u00ec pomeriggio a marted\u00ec sera a disposizione per la montagna, visto che \u00e8 febbraio c&#8217;\u00e8 neve ecc ecc.<br \/>\nMi organizzo con amici grandi e piccoli in comune per una partenza domenica mattina e rientro marted\u00ec sera in modo da non trovare ressa sulle piste e far fare tutti i compiti&#8230; Questo con due settimane di preavviso.<\/p>\n<p><a style=\"clear: right; float: right; margin-bottom: 1em; margin-left: 1em;\" href=\"https:\/\/encrypted-tbn0.gstatic.com\/images?q=tbn:ANd9GcQ5qzJCebs7OubxP3GDBU5udFnUHsZUo9T0-AgylfxMeUtZPizqFg\"><img decoding=\"async\" src=\"https:\/\/encrypted-tbn0.gstatic.com\/images?q=tbn:ANd9GcQ5qzJCebs7OubxP3GDBU5udFnUHsZUo9T0-AgylfxMeUtZPizqFg\" border=\"0\" \/><\/a><\/p>\n<p>Ken: &#8220;Li porto io!!&#8221;<\/p>\n<p>Considerato che in genere li vede al massimo 5 ore alla settimana (divise minimo in due volte), non voglio limitare questo slancio di genitorialit\u00e0!! In un anno non si \u00e8 mai proposto&#8230;.neanche per una cena&#8230;<\/p>\n<p>Quindi disdico con gli amici grandi e piccoli, pazienza si far\u00e0 in altra occasione ed attendo&#8230;<\/p>\n<p>Ken: &#8220;Ci sar\u00e0 brutto tempo, non vogliamo stare chiusi in casa cosa facciamo se no, vero?? Quindi non partiamo domani vediamo le previsione per dopodomani ciao&#8221; Chiaramente il fatto che un giorno e mezzo stare con i propri figli \u00e8 semplicemente fantastico non gli sfiora la mente..indipendentemente dal tempo e dal luogo.<\/p>\n<p>Fuori dalla finestra c&#8217;\u00e8 uno spettacolo fantastico di montagne innevate, ed \u00e8 vero che sta piovendo e in montagna st\u00e0 nevicando ma \u00e8 proprio questo che voglio i bambini!!!<\/p>\n<p>Domenica sera, Ken: &#8220;Domani \u00e8 brutto tempo quindi \u00a0non andiamo. Forse marted\u00ec ciao&#8221;<br \/>\nLuned\u00ec mattina un ora fa &#8220;Domani mattina pronti alle 7,50 che andiamo in montagna e torniamo pomeriggio. Ciao&#8221;<br \/>\nSt\u00f2 scrivendo in questo momento e guardo fuori dalla finestra ed \u00e8 una giornata strepitosa!!!<br \/>\nChiaramente non \u00e8 passata dalla mente di Ken di prenderli oggi pomeriggio tenerli con se e domani mattina partire assieme, oppure partire direttamente pomeriggio cenare in montagna e domani mattina essere freschi e riposati per le piste da sci!!!<\/p>\n<p>Forse Barbie ha i piedi freddi e di notte pretende che Ken sia a disposizione..<br \/>\nForse Ken e Barbie non sono geneticamente preparati a dividere lo spazio con dei bambini, potrebbero essere portatori di un sacco di malattie quali: essere responsabili; guardare le cose con gli occhi della verit\u00e0; occuparsi di qualcuno che non siano loro stessi&#8230;.<br \/>\nO pi\u00f9 semplicemente essendo Ken di plastica avr\u00e0 un cervello di plastica, anzi il vuoto di plastica&#8230;<\/p>\n<p>St\u00e0 di fatto che luned\u00ec \u00e8 ancora in corso e io ho dei dubbi che domani si verificher\u00e0 questo evento incredibile di una giornata superiore alle 4 ore in compagnia dei figli&#8230;.<br \/>\nPer\u00f2 considerando che il Papa ha dato le dimissioni&#8230;forse \u00e8 un fatto che pu\u00f2 accadere<\/p>\n<p>Micol Morelli in attesa di notizie<\/p>\n<p>andrannononandrannoandrannononandrannoandrannononandrannoandrannononandrannoandrannononandra<\/p>\n<\/div>\n","protected":false},"excerpt":{"rendered":"<p>Concetto organizzativo di Ken: I bimbi sono a casa per le elezioni, quindi c&#8217;era da venerd\u00ec pomeriggio a marted\u00ec sera a disposizione per la montagna, visto che \u00e8 febbraio c&#8217;\u00e8 neve ecc ecc. Mi organizzo con amici grandi<\/p>\n","protected":false},"author":2,"featured_media":1697,"comment_status":"open","ping_status":"open","sticky":false,"template":"","format":"standard","meta":{"_jetpack_newsletter_access":"","_jetpack_dont_email_post_to_subs":false,"_jetpack_newsletter_tier_id":0,"_jetpack_memberships_contains_paywalled_content":false,"_jetpack_feature_clip_id":0,"_jetpack_memberships_contains_paid_content":false,"footnotes":"","jetpack_publicize_message":"","jetpack_publicize_feature_enabled":true,"jetpack_social_post_already_shared":false,"jetpack_social_options":{"image_generator_settings":{"template":"highway","default_image_id":0,"font":"","enabled":false},"version":2},"jetpack_post_was_ever_published":false},"categories":[5,12,89],"tags":[73],"class_list":["post-381","post","type-post","status-publish","format-standard","has-post-thumbnail","hentry","category-barbie","category-ken","category-le-cadute-di-micol","tag-barbie"],"jetpack_publicize_connections":[],"jetpack_sharing_enabled":true,"jetpack_shortlink":"https:\/\/wp.me\/paarzV-69","jetpack_featured_media_url":"https:\/\/i0.wp.com\/caderefamale.it\/wp-content\/uploads\/2013\/02\/concetto-keniano.jpeg?fit=260%2C194&ssl=1","_links":{"self":[{"href":"https:\/\/caderefamale.it\/index.php?rest_route=\/wp\/v2\/posts\/381","targetHints":{"allow":["GET"]}}],"collection":[{"href":"https:\/\/caderefamale.it\/index.php?rest_route=\/wp\/v2\/posts"}],"about":[{"href":"https:\/\/caderefamale.it\/index.php?rest_route=\/wp\/v2\/types\/post"}],"author":[{"embeddable":true,"href":"https:\/\/caderefamale.it\/index.php?rest_route=\/wp\/v2\/users\/2"}],"replies":[{"embeddable":true,"href":"https:\/\/caderefamale.it\/index.php?rest_route=%2Fwp%2Fv2%2Fcomments&post=381"}],"version-history":[{"count":1,"href":"https:\/\/caderefamale.it\/index.php?rest_route=\/wp\/v2\/posts\/381\/revisions"}],"predecessor-version":[{"id":1698,"href":"https:\/\/caderefamale.it\/index.php?rest_route=\/wp\/v2\/posts\/381\/revisions\/1698"}],"wp:featuredmedia":[{"embeddable":true,"href":"https:\/\/caderefamale.it\/index.php?rest_route=\/wp\/v2\/media\/1697"}],"wp:attachment":[{"href":"https:\/\/caderefamale.it\/index.php?rest_route=%2Fwp%2Fv2%2Fmedia&parent=381"}],"wp:term":[{"taxonomy":"category","embeddable":true,"href":"https:\/\/caderefamale.it\/index.php?rest_route=%2Fwp%2Fv2%2Fcategories&post=381"},{"taxonomy":"post_tag","embeddable":true,"href":"https:\/\/caderefamale.it\/index.php?rest_route=%2Fwp%2Fv2%2Ftags&post=381"}],"curies":[{"name":"wp","href":"https:\/\/api.w.org\/{rel}","templated":true}]}}