{"id":386,"date":"2013-02-19T14:34:00","date_gmt":"2013-02-19T14:34:00","guid":{"rendered":"https:\/\/caderefamale.it\/2013\/02\/19\/indolenza-o-virus-bradipizio\/"},"modified":"2013-02-19T14:34:00","modified_gmt":"2013-02-19T14:34:00","slug":"indolenza-o-virus-bradipizio","status":"publish","type":"post","link":"https:\/\/caderefamale.it\/?p=386","title":{"rendered":"Indolenza o virus Bradipizio?"},"content":{"rendered":"<div dir=\"ltr\" style=\"text-align: left;\">\n<h3 style=\"text-align: left;\">Indolenza o virus Bradipizio?<\/h3>\n<p><\/p>\n<div style=\"text-align: justify;\">Mi sembra tanto strano essere qui oramai da mesi e sentirmi totalmente inutile anche se so di non esserlo.<\/div>\n<div style=\"text-align: justify;\">Sono stata abituata a lavorare sempre e tanto, quel gesto fisico e mentale di tirarsi su le maniche e mettersi a produrre.<\/div>\n<div style=\"text-align: justify;\">Ho lavorato di continuo a tutte le ore con impegno e passione, anche perch\u00e9 non conosco un sistema diverso di fare le cose.&nbsp;<\/div>\n<div style=\"text-align: justify;\">Mi sento profondamente e totalmente inutile, qui in attesa di una soluzione che cerco e che al momento ancora non trovo.<\/div>\n<div style=\"text-align: justify;\">Li ho usati tutti i trucchi mentali per non sentirmi in colpa in questa situazione:<\/div>\n<div style=\"text-align: justify;\">&#8211; tutti hanno diritto ad un periodo &nbsp;di riposo<\/div>\n<div style=\"text-align: justify;\">&#8211; hai lavorato 7 giorni su 7 per 10 anni consecutivi<\/div>\n<div style=\"text-align: justify;\">&#8211; non ti sei presa neanche il periodo di congedo maternit\u00e0<\/div>\n<div style=\"text-align: justify;\">&#8211; l&#8217;anno sabbatico l&#8217;hai solo letto e mai sperimentato<\/div>\n<div style=\"text-align: justify;\"><\/div>\n<div style=\"text-align: justify;\">Sulla mia psiche sono un sedativo momentaneo&#8230;decisamente momentaneo<\/div>\n<div style=\"text-align: justify;\"><\/div>\n<div style=\"text-align: justify;\">La cosa che mi innervosisce di pi\u00f9 \u00e8 che prima in una giornata riuscivo a farci stare le cose di routine casalinghe, quelle lavorative e in pi\u00f9 anche un piccolo spazio per me &#8230;. al momento sembra che le ore seguano altre regole, la giornata termina ancora prima di iniziare e mi ritrovo con un pugno di mosche.<\/div>\n<div style=\"text-align: justify;\">Secondo me st\u00f2 rallentando, sono stata contagiata da un virus &#8220;bradipizio&#8221; di quelli che ti invadono lentamente rallentano il tuo pensiero come i dischi in vinile sentiti con i giri sbagliati. Il virus ha colpito inesorabilmente mi st\u00f2 bradipizzando ahhhhhhhhhhhhhhh!!!!!!!!!!<\/div>\n<div style=\"text-align: justify;\"><\/div>\n<div style=\"text-align: justify;\"><img decoding=\"async\" src=\"https:\/\/encrypted-tbn0.gstatic.com\/images?q=tbn:ANd9GcTHsxMLnhyzrOslEfA_S1IFD0VrCsccDG4NeYGBoJNsDrWZzrog\" \/><\/div>\n<div style=\"text-align: justify;\"><\/div>\n<div style=\"text-align: justify;\">Sar\u00e0 il caso di creare un piano di attacco: sveglia entro le 7; e riempire la giornata con tutto il possibile, dallo scrivere, al riordinare in ordine alfabetico i libri e le spezie, vagliare le possibilit\u00e0 lavorative in zona e su le maniche riprendiamoci la velocit\u00e0 e tutta l&#8217;ironia che sono in grado di utilizzare.<\/div>\n<div style=\"text-align: justify;\">Anche perch\u00e9 poi pensandoci bene non ho un guardaroba da bradipo adatto&#8230;il pelo grigio non mi dona molto, &nbsp;mentre sono pi\u00f9 da colori decisi tipo il nero pantera o l&#8217;arancione tigrato anche se in questo periodo \u00e8 pi\u00f9 la tuta da cacciatrice di draghi quella che mi tocca indossare tutti i giorni.<\/div>\n<div style=\"text-align: justify;\"><\/div>\n<div style=\"text-align: justify;\">Il drago ha interferito in questo momento con il mio essere bradipo, metto la tuta prendo la spada e vado a combattere!<\/div>\n<div style=\"text-align: justify;\"><\/div>\n<div style=\"text-align: justify;\"><\/div>\n<p><img decoding=\"async\" src=\"https:\/\/encrypted-tbn0.gstatic.com\/images?q=tbn:ANd9GcR_AD-fEo3UhYaqA4rALxC9Wcbx8RM7XDEFBko6Ig4anRVQQ1z_\" \/><br \/>Micol Morelli<\/p>\n<\/div>\n","protected":false},"excerpt":{"rendered":"<p>Indolenza o virus Bradipizio? Mi sembra tanto strano essere qui oramai da mesi e sentirmi totalmente inutile anche se so di non esserlo. Sono stata abituata a lavorare sempre e tanto, quel gesto fisico e mentale di tirarsi<\/p>\n","protected":false},"author":2,"featured_media":0,"comment_status":"open","ping_status":"open","sticky":false,"template":"","format":"standard","meta":{"_jetpack_newsletter_access":"","_jetpack_dont_email_post_to_subs":false,"_jetpack_newsletter_tier_id":0,"_jetpack_memberships_contains_paywalled_content":false,"_jetpack_feature_clip_id":0,"_jetpack_memberships_contains_paid_content":false,"footnotes":"","jetpack_publicize_message":"","jetpack_publicize_feature_enabled":true,"jetpack_social_post_already_shared":false,"jetpack_social_options":{"image_generator_settings":{"template":"highway","default_image_id":0,"font":"","enabled":false},"version":2},"jetpack_post_was_ever_published":false},"categories":[2,11],"tags":[],"class_list":["post-386","post","type-post","status-publish","format-standard","hentry","category-osservazioni","category-quotidianita"],"jetpack_publicize_connections":[],"jetpack_sharing_enabled":true,"jetpack_shortlink":"https:\/\/wp.me\/paarzV-6e","jetpack_featured_media_url":"","_links":{"self":[{"href":"https:\/\/caderefamale.it\/index.php?rest_route=\/wp\/v2\/posts\/386","targetHints":{"allow":["GET"]}}],"collection":[{"href":"https:\/\/caderefamale.it\/index.php?rest_route=\/wp\/v2\/posts"}],"about":[{"href":"https:\/\/caderefamale.it\/index.php?rest_route=\/wp\/v2\/types\/post"}],"author":[{"embeddable":true,"href":"https:\/\/caderefamale.it\/index.php?rest_route=\/wp\/v2\/users\/2"}],"replies":[{"embeddable":true,"href":"https:\/\/caderefamale.it\/index.php?rest_route=%2Fwp%2Fv2%2Fcomments&post=386"}],"version-history":[{"count":0,"href":"https:\/\/caderefamale.it\/index.php?rest_route=\/wp\/v2\/posts\/386\/revisions"}],"wp:attachment":[{"href":"https:\/\/caderefamale.it\/index.php?rest_route=%2Fwp%2Fv2%2Fmedia&parent=386"}],"wp:term":[{"taxonomy":"category","embeddable":true,"href":"https:\/\/caderefamale.it\/index.php?rest_route=%2Fwp%2Fv2%2Fcategories&post=386"},{"taxonomy":"post_tag","embeddable":true,"href":"https:\/\/caderefamale.it\/index.php?rest_route=%2Fwp%2Fv2%2Ftags&post=386"}],"curies":[{"name":"wp","href":"https:\/\/api.w.org\/{rel}","templated":true}]}}