{"id":41,"date":"2016-02-07T20:51:00","date_gmt":"2016-02-07T20:51:00","guid":{"rendered":"https:\/\/caderefamale.it\/2016\/02\/07\/strana\/"},"modified":"2016-02-07T20:51:00","modified_gmt":"2016-02-07T20:51:00","slug":"strana","status":"publish","type":"post","link":"https:\/\/caderefamale.it\/?p=41","title":{"rendered":"Strana"},"content":{"rendered":"<div dir=\"ltr\" style=\"text-align: left;\">Mi sento decisamente strana,<br \/>sono sola a casa, fuori piove \u00e8 Domenica e sono sola<br \/>assolutamente sola<\/p>\n<p>Il mio fantastico figlio \u00e8 in settimana bianca, consegnato oggi, con tutto l&#8217;occorente per il nostro primo e unico distacco da quando \u00e8 nato.<br \/>Sono felice per lui per l&#8217;eserienza che ha occasione di fare, sono certa che si divertir\u00e0 tantissimo, torner\u00e0 con tante cose da raccontare.<\/p>\n<p>Ma come mi sento strana..<\/p>\n<p>Poi da domani sar\u00e0 pi\u00f9 facile, con i ritmi di lavoro che saranno intensificati, io che un po&#8217; mi sar\u00f2 abituata.. ho organizzato aperitivi e cene con amiche<br \/>ma ora il senso di silenzio \u00e8 forte,<\/p>\n<p>un tempo era normale vivere da sola, adoravo il senso del silenzio, tornare a casa e non trovare nessuno, avere una casa solo per me..<br \/>ora ho solo voglia di condividere, tempo, vita, spazio<\/p>\n<p>Micol Morelli<br \/>misentostranamasonoserena<br \/>caderefamale.blogspot<\/div>\n","protected":false},"excerpt":{"rendered":"<p>Mi sento decisamente strana,sono sola a casa, fuori piove \u00e8 Domenica e sono solaassolutamente sola Il mio fantastico figlio \u00e8 in settimana bianca, consegnato oggi, con tutto l&#8217;occorente per il nostro primo e unico distacco da quando \u00e8<\/p>\n","protected":false},"author":2,"featured_media":0,"comment_status":"open","ping_status":"open","sticky":false,"template":"","format":"standard","meta":{"_jetpack_newsletter_access":"","_jetpack_dont_email_post_to_subs":false,"_jetpack_newsletter_tier_id":0,"_jetpack_memberships_contains_paywalled_content":false,"_jetpack_feature_clip_id":0,"_jetpack_memberships_contains_paid_content":false,"footnotes":"","jetpack_publicize_message":"","jetpack_publicize_feature_enabled":true,"jetpack_social_post_already_shared":false,"jetpack_social_options":{"image_generator_settings":{"template":"highway","default_image_id":0,"font":"","enabled":false},"version":2},"jetpack_post_was_ever_published":false},"categories":[2],"tags":[],"class_list":["post-41","post","type-post","status-publish","format-standard","hentry","category-osservazioni"],"jetpack_publicize_connections":[],"jetpack_sharing_enabled":true,"jetpack_shortlink":"https:\/\/wp.me\/saarzV-strana","jetpack_featured_media_url":"","_links":{"self":[{"href":"https:\/\/caderefamale.it\/index.php?rest_route=\/wp\/v2\/posts\/41","targetHints":{"allow":["GET"]}}],"collection":[{"href":"https:\/\/caderefamale.it\/index.php?rest_route=\/wp\/v2\/posts"}],"about":[{"href":"https:\/\/caderefamale.it\/index.php?rest_route=\/wp\/v2\/types\/post"}],"author":[{"embeddable":true,"href":"https:\/\/caderefamale.it\/index.php?rest_route=\/wp\/v2\/users\/2"}],"replies":[{"embeddable":true,"href":"https:\/\/caderefamale.it\/index.php?rest_route=%2Fwp%2Fv2%2Fcomments&post=41"}],"version-history":[{"count":0,"href":"https:\/\/caderefamale.it\/index.php?rest_route=\/wp\/v2\/posts\/41\/revisions"}],"wp:attachment":[{"href":"https:\/\/caderefamale.it\/index.php?rest_route=%2Fwp%2Fv2%2Fmedia&parent=41"}],"wp:term":[{"taxonomy":"category","embeddable":true,"href":"https:\/\/caderefamale.it\/index.php?rest_route=%2Fwp%2Fv2%2Fcategories&post=41"},{"taxonomy":"post_tag","embeddable":true,"href":"https:\/\/caderefamale.it\/index.php?rest_route=%2Fwp%2Fv2%2Ftags&post=41"}],"curies":[{"name":"wp","href":"https:\/\/api.w.org\/{rel}","templated":true}]}}