{"id":42,"date":"2016-02-02T11:06:00","date_gmt":"2016-02-02T11:06:00","guid":{"rendered":"https:\/\/caderefamale.it\/2016\/02\/02\/pensieri-e-foto\/"},"modified":"2016-02-02T11:06:00","modified_gmt":"2016-02-02T11:06:00","slug":"pensieri-e-foto","status":"publish","type":"post","link":"https:\/\/caderefamale.it\/?p=42","title":{"rendered":"pensieri e foto"},"content":{"rendered":"<div dir=\"ltr\" style=\"text-align: left;\">Sono giornate complicate&#8230;corrispondono ad un anniversario un po&#8217; cupo, quello della scoperta del tradimento e di tutto quelle che ne \u00e8 seguito poi.<br \/>Sono date e ore scolpite nel mio cervello, parole, lacrime, espressioni<\/p>\n<p>Questo &#8220;anniversario&#8221;, plumbeo ma reale, che ha cambiato la mia vita e la mia percezione dei concetti di famiglia, bugie, scelte, dolore, rinascita, \u00e8 stato potenziato dall&#8217;aver messo in ordine i file di fotografie del mio computer..<br \/>Erano e sono ancora, foto tutte in disordine, quindi capitava e capita che all&#8217;improvviso ci siano scatti di noi famiglia felice, noi coppia abbracciata, occhi luminosi, espressioni di gioia..<br \/>che dolore al cuore<br \/>che domande nel cervello<\/p>\n<p>le domande non smettono, forse perch\u00e8 non hanno risposte<br \/>il dolore che provo a guardare quegli scatti \u00e8 l&#8217;incapacit\u00e0 di ricordare che sentimento provavo, mi sembra di vedere qualcun altro<br \/>Faccio parte di quel gruppo di persone legate al passato, all&#8217;accaduto, al ricordo, ma questo non mi ha mai frenata dal fare scelte repentine, dal cambiare la vita in un attimo, ma spesso guardo indietro.<\/p>\n<p>Voltandomi non vedo pi\u00f9 noi come famiglia, lui come compagno non l&#8217;ho pi\u00f9 visto poco dopo l&#8217;accaduto, non vedo pi\u00f9 neanche i ricordi.<br \/>Quando ho visto le foto con noi, le emozioni catturate \u00e8 stato un colpo<\/p>\n<p><a href=\"https:\/\/i0.wp.com\/4.bp.blogspot.com\/-6_SXW26C4vM\/VrCNCSocM8I\/AAAAAAAAASk\/s2xX2ST7Nm4\/s1600\/tuta%2B%25282%2529.jpg\" style=\"clear: right; float: right; margin-bottom: 1em; margin-left: 1em;\"><img data-recalc-dims=\"1\" decoding=\"async\" border=\"0\" height=\"200\" src=\"https:\/\/i0.wp.com\/4.bp.blogspot.com\/-6_SXW26C4vM\/VrCNCSocM8I\/AAAAAAAAASk\/s2xX2ST7Nm4\/s200\/tuta%2B%25282%2529.jpg?resize=150%2C200\" width=\"150\" \/><\/a>Poi sono entrata nel file con le foto degli ultimi anni del mio cellurare e sono tutte meravigliose, sono sorridenti, piene di passione, vita, voglia di scorpire e di amare, tutte foto senza Ken, tutte foto che sento mie, quando mi volto le vedo e so che cosa provo.<\/p>\n<p><a href=\"https:\/\/i0.wp.com\/2.bp.blogspot.com\/-xDUKTCKLjHI\/VrCNK5GCgYI\/AAAAAAAAASs\/7RnvkqGtm94\/s1600\/WP_000203.jpg\" style=\"clear: right; float: right; margin-bottom: 1em; margin-left: 1em;\"><img data-recalc-dims=\"1\" decoding=\"async\" border=\"0\" height=\"200\" src=\"https:\/\/i0.wp.com\/2.bp.blogspot.com\/-xDUKTCKLjHI\/VrCNK5GCgYI\/AAAAAAAAASs\/7RnvkqGtm94\/s200\/WP_000203.jpg?resize=150%2C200\" width=\"150\" \/><\/a><br \/>Micol Morelli<br \/>pensierifotoricordi<\/p>\n<p>caderefamale.blogspot<\/p><\/div>\n","protected":false},"excerpt":{"rendered":"<p>Sono giornate complicate&#8230;corrispondono ad un anniversario un po&#8217; cupo, quello della scoperta del tradimento e di tutto quelle che ne \u00e8 seguito poi.Sono date e ore scolpite nel mio cervello, parole, lacrime, espressioni Questo &#8220;anniversario&#8221;, plumbeo ma reale,<\/p>\n","protected":false},"author":2,"featured_media":0,"comment_status":"open","ping_status":"open","sticky":false,"template":"","format":"standard","meta":{"_jetpack_newsletter_access":"","_jetpack_dont_email_post_to_subs":false,"_jetpack_newsletter_tier_id":0,"_jetpack_memberships_contains_paywalled_content":false,"_jetpack_feature_clip_id":0,"_jetpack_memberships_contains_paid_content":false,"footnotes":"","jetpack_publicize_message":"","jetpack_publicize_feature_enabled":true,"jetpack_social_post_already_shared":false,"jetpack_social_options":{"image_generator_settings":{"template":"highway","default_image_id":0,"font":"","enabled":false},"version":2},"jetpack_post_was_ever_published":false},"categories":[3,9],"tags":[],"class_list":["post-42","post","type-post","status-publish","format-standard","hentry","category-ricordi","category-riflessioni"],"jetpack_publicize_connections":[],"jetpack_sharing_enabled":true,"jetpack_shortlink":"https:\/\/wp.me\/paarzV-G","jetpack_featured_media_url":"","_links":{"self":[{"href":"https:\/\/caderefamale.it\/index.php?rest_route=\/wp\/v2\/posts\/42","targetHints":{"allow":["GET"]}}],"collection":[{"href":"https:\/\/caderefamale.it\/index.php?rest_route=\/wp\/v2\/posts"}],"about":[{"href":"https:\/\/caderefamale.it\/index.php?rest_route=\/wp\/v2\/types\/post"}],"author":[{"embeddable":true,"href":"https:\/\/caderefamale.it\/index.php?rest_route=\/wp\/v2\/users\/2"}],"replies":[{"embeddable":true,"href":"https:\/\/caderefamale.it\/index.php?rest_route=%2Fwp%2Fv2%2Fcomments&post=42"}],"version-history":[{"count":0,"href":"https:\/\/caderefamale.it\/index.php?rest_route=\/wp\/v2\/posts\/42\/revisions"}],"wp:attachment":[{"href":"https:\/\/caderefamale.it\/index.php?rest_route=%2Fwp%2Fv2%2Fmedia&parent=42"}],"wp:term":[{"taxonomy":"category","embeddable":true,"href":"https:\/\/caderefamale.it\/index.php?rest_route=%2Fwp%2Fv2%2Fcategories&post=42"},{"taxonomy":"post_tag","embeddable":true,"href":"https:\/\/caderefamale.it\/index.php?rest_route=%2Fwp%2Fv2%2Ftags&post=42"}],"curies":[{"name":"wp","href":"https:\/\/api.w.org\/{rel}","templated":true}]}}