{"id":46,"date":"2016-01-14T18:04:00","date_gmt":"2016-01-14T18:04:00","guid":{"rendered":"https:\/\/caderefamale.it\/2016\/01\/14\/colori-della-vita\/"},"modified":"2016-01-14T18:04:00","modified_gmt":"2016-01-14T18:04:00","slug":"colori-della-vita","status":"publish","type":"post","link":"https:\/\/caderefamale.it\/?p=46","title":{"rendered":"Colori della vita"},"content":{"rendered":"<div dir=\"ltr\" style=\"text-align: left;\">Ci sono periodi della vita pieni di eventi colorati, come matrimoni, nascite e compleanni, ed altri con colori pi\u00f9 sbiaditi dovi incontri problemi, dolore, malattia e morte.<\/p>\n<p>La vita \u00e8 un miscuglio di sorrisi e di lacrime.<br \/>Forse non siamo mai preparati, almeno non in modo tempestivo:<br \/>&#8211; da ragazzi non siamo pronti all&#8217;amore<br \/>&#8211; da meno ragazzi non siamo pronti alle responsabilit\u00e0<br \/>&#8211; crescendo non siamo pronti alla vita<br \/>&#8211; poi alle avversit\u00e0<br \/>&#8230;<br \/>Certo con il senno di poi saremmo &#8220;migliori&#8221; tutti, ma non \u00e8 una opzione valida.<br \/>Possiamo migliorare con le esperienze, sempre che queste restino e trovino terreno fertile..<\/p>\n<p>Non ero pratica di malattia e decisamente meno di morte.<br \/>Quando \u00e8 mancato mio nonno dopo una lunga malattia ero adolescente, troppo interessata a me per pensare a lui, a quello che passava, a tutto ci\u00f2 che stava accadendo. Non ricordo quasi nulla del dolore.<\/p>\n<p>Quando tanti tanti anni dopo \u00e8 mancato il compagno di mia mamma, ho capito il vuoto che lasciava la persona amata, ho visto il dolore e la rassegnazione nei suoi occhi, e ho iniziato a farmi delle domande.<\/p>\n<p>Quando poco dopo \u00e8 mancato il padre del mio ex fidanzato intelligente, dopo una malattia, l\u00ec ho capito quanto poco sono stata utile, quanto poco sono stata sensibile e attenta, quanto vuoto lascia un genitore e quanto importante \u00e8 potersi appoggiare a qualcuno.<br \/>Ma ero troppo presa dallo scappare per restare, tornassi indietro sarei presente..<\/p>\n<p>Meno di un anno fa \u00e8 mancata la mia spendida nonna classe &#8217;20.<br \/>Le esperienze vissute un pochino mi avevano aiutata a crescere.<br \/>Ho potuto dedicare pi\u00f9 tempo a salutarla, ad osservarla per ricordare.<br \/>Quelle piccole cose come i pranzi di famiglia, ascoltare i ricordi, fare il caff\u00e8 come piaceva a lei, regalare un sorriso in pi\u00f9..<br \/>Quando \u00e8 arrivato il momento questa volta sono stata pi\u00f9 utile, sia emotivamente che fisicamente.<br \/>Il vuoto si sente, ma \u00e8 un vuoto riempito da ricordi, da vita vissuta, da &#8220;fine del libro&#8221;<\/p>\n<p>Ora mia suocera st\u00e0 combattendo con la malattia e anche mio zio<\/p>\n<p>L&#8217;imbecille \u00e8 ancora nella fase emotiva del Ken pre-adolescente, quindi non si interessa, non telefona, non partecipa, non visita, non supporta, non fa un demerito c&#8230; ed \u00e8 sua madre.<br \/>Probabilmente l&#8217;evoluzione richieder\u00e0 un paio di generazioni, forse in caso di seconde o terze vite si potr\u00e0 vedere una evoluzione.<br \/>Si sta perdendo davvero tanto, st\u00e0 perdento la possibilit\u00e0 di far crescere l&#8217;anima, di conoscere e vivere sua madre per il tempo che le resta, la possibilit\u00e0 di ridere con lei, di vederla sorprendersi per piccoli gesti, vederla imbrogliare a carte, giocare con il cane, essere La Rossa imprevedibile che \u00e8 sempre stata.<\/p>\n<p>Per lo zio.. oggi l&#8217;ho visto in ospedale..quello&#8217;omone gigante pieno di vita non c&#8217;\u00e8 pi\u00f9, c&#8217;\u00e8 un uomo che soffre.<\/p>\n<p>Come \u00e8 difficile vedere la vita sfuggire, accade talmente in fretta a volte che non fai in tempo a realizzare..<br \/>C\u00e8 un tempo in cui non pensi alla fine, ti sempra che sia un tempo infinito quello che abbiamo di fronte, poi gli eventi ti fanno cambiare idea..<\/p>\n<p>Micol Morelli<br \/>icoloridellavita<\/div>\n","protected":false},"excerpt":{"rendered":"<p>Ci sono periodi della vita pieni di eventi colorati, come matrimoni, nascite e compleanni, ed altri con colori pi\u00f9 sbiaditi dovi incontri problemi, dolore, malattia e morte. La vita \u00e8 un miscuglio di sorrisi e di lacrime.Forse non<\/p>\n","protected":false},"author":2,"featured_media":0,"comment_status":"open","ping_status":"open","sticky":false,"template":"","format":"standard","meta":{"_jetpack_newsletter_access":"","_jetpack_dont_email_post_to_subs":false,"_jetpack_newsletter_tier_id":0,"_jetpack_memberships_contains_paywalled_content":false,"_jetpack_feature_clip_id":0,"_jetpack_memberships_contains_paid_content":false,"footnotes":"","jetpack_publicize_message":"","jetpack_publicize_feature_enabled":true,"jetpack_social_post_already_shared":false,"jetpack_social_options":{"image_generator_settings":{"template":"highway","default_image_id":0,"font":"","enabled":false},"version":2},"jetpack_post_was_ever_published":false},"categories":[2,9],"tags":[],"class_list":["post-46","post","type-post","status-publish","format-standard","hentry","category-osservazioni","category-riflessioni"],"jetpack_publicize_connections":[],"jetpack_sharing_enabled":true,"jetpack_shortlink":"https:\/\/wp.me\/paarzV-K","jetpack_featured_media_url":"","_links":{"self":[{"href":"https:\/\/caderefamale.it\/index.php?rest_route=\/wp\/v2\/posts\/46","targetHints":{"allow":["GET"]}}],"collection":[{"href":"https:\/\/caderefamale.it\/index.php?rest_route=\/wp\/v2\/posts"}],"about":[{"href":"https:\/\/caderefamale.it\/index.php?rest_route=\/wp\/v2\/types\/post"}],"author":[{"embeddable":true,"href":"https:\/\/caderefamale.it\/index.php?rest_route=\/wp\/v2\/users\/2"}],"replies":[{"embeddable":true,"href":"https:\/\/caderefamale.it\/index.php?rest_route=%2Fwp%2Fv2%2Fcomments&post=46"}],"version-history":[{"count":0,"href":"https:\/\/caderefamale.it\/index.php?rest_route=\/wp\/v2\/posts\/46\/revisions"}],"wp:attachment":[{"href":"https:\/\/caderefamale.it\/index.php?rest_route=%2Fwp%2Fv2%2Fmedia&parent=46"}],"wp:term":[{"taxonomy":"category","embeddable":true,"href":"https:\/\/caderefamale.it\/index.php?rest_route=%2Fwp%2Fv2%2Fcategories&post=46"},{"taxonomy":"post_tag","embeddable":true,"href":"https:\/\/caderefamale.it\/index.php?rest_route=%2Fwp%2Fv2%2Ftags&post=46"}],"curies":[{"name":"wp","href":"https:\/\/api.w.org\/{rel}","templated":true}]}}