{"id":52,"date":"2015-12-31T17:35:00","date_gmt":"2015-12-31T17:35:00","guid":{"rendered":"https:\/\/caderefamale.it\/2015\/12\/31\/festeggiamenti-o-funerali\/"},"modified":"2015-12-31T17:35:00","modified_gmt":"2015-12-31T17:35:00","slug":"festeggiamenti-o-funerali","status":"publish","type":"post","link":"https:\/\/caderefamale.it\/?p=52","title":{"rendered":"festeggiamenti o funerali?"},"content":{"rendered":"<div dir=\"ltr\" style=\"text-align: left;\">Un tempo ci sono stati anche fine anno all&#8217;insegna dei festeggiamenti, feste, ore a ballare sui tavoli con abiti succinti, amici, musica, scelte azzardate, corse sulla neve, corse in ospedale ora \u00e8 diverso..<\/p>\n<p><a href=\"https:\/\/encrypted-tbn2.gstatic.com\/images?q=tbn:ANd9GcSQjjEWJwPhLLIiAkwY7NbJKZnOgOHpTFCufrw0r6vrv8og33LMXQ\" style=\"clear: right; float: right; margin-bottom: 1em; margin-left: 1em;\"><img decoding=\"async\" alt=\"Risultati immagini per corone funebri mazzi di fiori\" border=\"0\" src=\"https:\/\/encrypted-tbn2.gstatic.com\/images?q=tbn:ANd9GcSQjjEWJwPhLLIiAkwY7NbJKZnOgOHpTFCufrw0r6vrv8og33LMXQ\" \/><\/a>non solo perche sono genitore unico e responsabile, \u00e8 diverso perche non me ne frega niente, perch\u00e8 non sono pi\u00f9 in grado di distinguere anni e\/o giorni<\/p>\n<p>questa sera per\u00f2 c&#8217;\u00e8 un passaggio in pi\u00f9.. sono triste<br \/>triste come ad un funerale<br \/>triste come quando perdi qualche cosa<br \/>triste come quando non puoi fare pi\u00f9 qualche cosa a cui tieni<br \/>triste perch\u00e8 la vita degli amanti \u00e8 complicata<\/p>\n<p>ho cucinato per la cena con amici di stasera e cucinare mi tranquillizza quindi ho preparato:<br \/>torta salata alla marocchina<br \/>torta salata vegetariana<br \/>cus cus con verdure e uvetta<br \/>un veloce selsie (salsa pomodoro piccante)<br \/>salsa alla Jack (ricetta protetta da segreto)<br \/>cucinando ho aperto una bottiglia di bollicine che mi ha tenuto compagnia assieme a radio deejay<\/p>\n<p>ora mi infilo in doccia e fra poco mi vesto per un allegro funerale:<br \/>pantalone nero, anfibio, top nero, chignon anni &#8217;60, trucco nero labbra rosse<\/p>\n<p>auguri a voi<br \/>auguri a me di trovare l&#8217;uscita<\/p>\n<p>Micol Morelli<br \/>fineiniziodicosa?<br \/>caderefamale.blogspot.it<\/div>\n","protected":false},"excerpt":{"rendered":"<p>Un tempo ci sono stati anche fine anno all&#8217;insegna dei festeggiamenti, feste, ore a ballare sui tavoli con abiti succinti, amici, musica, scelte azzardate, corse sulla neve, corse in ospedale ora \u00e8 diverso.. non solo perche sono genitore<\/p>\n","protected":false},"author":2,"featured_media":0,"comment_status":"open","ping_status":"open","sticky":false,"template":"","format":"standard","meta":{"_jetpack_newsletter_access":"","_jetpack_dont_email_post_to_subs":false,"_jetpack_newsletter_tier_id":0,"_jetpack_memberships_contains_paywalled_content":false,"_jetpack_feature_clip_id":0,"_jetpack_memberships_contains_paid_content":false,"footnotes":"","jetpack_publicize_message":"","jetpack_publicize_feature_enabled":true,"jetpack_social_post_already_shared":false,"jetpack_social_options":{"image_generator_settings":{"template":"highway","default_image_id":0,"font":"","enabled":false},"version":2},"jetpack_post_was_ever_published":false},"categories":[9],"tags":[],"class_list":["post-52","post","type-post","status-publish","format-standard","hentry","category-riflessioni"],"jetpack_publicize_connections":[],"jetpack_sharing_enabled":true,"jetpack_shortlink":"https:\/\/wp.me\/paarzV-Q","jetpack_featured_media_url":"","_links":{"self":[{"href":"https:\/\/caderefamale.it\/index.php?rest_route=\/wp\/v2\/posts\/52","targetHints":{"allow":["GET"]}}],"collection":[{"href":"https:\/\/caderefamale.it\/index.php?rest_route=\/wp\/v2\/posts"}],"about":[{"href":"https:\/\/caderefamale.it\/index.php?rest_route=\/wp\/v2\/types\/post"}],"author":[{"embeddable":true,"href":"https:\/\/caderefamale.it\/index.php?rest_route=\/wp\/v2\/users\/2"}],"replies":[{"embeddable":true,"href":"https:\/\/caderefamale.it\/index.php?rest_route=%2Fwp%2Fv2%2Fcomments&post=52"}],"version-history":[{"count":0,"href":"https:\/\/caderefamale.it\/index.php?rest_route=\/wp\/v2\/posts\/52\/revisions"}],"wp:attachment":[{"href":"https:\/\/caderefamale.it\/index.php?rest_route=%2Fwp%2Fv2%2Fmedia&parent=52"}],"wp:term":[{"taxonomy":"category","embeddable":true,"href":"https:\/\/caderefamale.it\/index.php?rest_route=%2Fwp%2Fv2%2Fcategories&post=52"},{"taxonomy":"post_tag","embeddable":true,"href":"https:\/\/caderefamale.it\/index.php?rest_route=%2Fwp%2Fv2%2Ftags&post=52"}],"curies":[{"name":"wp","href":"https:\/\/api.w.org\/{rel}","templated":true}]}}