{"id":549,"date":"2019-01-12T18:21:11","date_gmt":"2019-01-12T18:21:11","guid":{"rendered":"https:\/\/caderefamale.it\/?p=549"},"modified":"2019-01-12T18:21:16","modified_gmt":"2019-01-12T18:21:16","slug":"concetto-del-principe-azzurro","status":"publish","type":"post","link":"https:\/\/caderefamale.it\/?p=549","title":{"rendered":"Concetto del principe azzurro"},"content":{"rendered":"\n<h3 class=\"wp-block-heading\">Istruzioni per l&#8217;uso: posologia e controindicazioni<\/h3>\n\n\n\n<figure class=\"wp-block-image\"><img data-recalc-dims=\"1\" height=\"444\" width=\"790\" decoding=\"async\" src=\"https:\/\/i0.wp.com\/caderefamale.it\/wp-content\/uploads\/2019\/01\/salvataggio-12-aprile-2017-4332.jpg?resize=790%2C444&#038;ssl=1\" alt=\"\" class=\"wp-image-551\"\/><\/figure>\n\n\n\n<p class=\"wp-block-paragraph\">Questo imprinting forzato imposto al mondo femminile dell&#8217;esistenza del principe azzurro \u00e8 in grado di forgiare categorie diverse di donne:<\/p>\n\n\n\n<p class=\"wp-block-paragraph\" style=\"text-align:center\">quelle che credono<\/p>\n\n\n\n<p class=\"wp-block-paragraph\" style=\"text-align:center\">quelle che non credono<\/p>\n\n\n\n<p class=\"wp-block-paragraph\">Un po&#8217; come il concetto di Babbo Natale, ma in questo caso mi diverte credere mi riporta dolcissimi ricordi fatti di attenzioni, di sorprese, di pacchi luminosi e occhi sgranati per la gioia<\/p>\n\n\n\n<p class=\"wp-block-paragraph\">Con la figura del principe azzurro invece nel mio caso salta fuori il concetto di Ken: un imbecille con false promesse..<\/p>\n\n\n\n<p class=\"wp-block-paragraph\">Ma il fascino di questo falso mito incanta sempre e comunque bambine, ragazze e donne di tutti i generi.<\/p>\n\n\n\n<p class=\"wp-block-paragraph\">Ieri sera ero ad una &#8220;cena di salvataggio&#8221; una di quelle cene con una o pi\u00f9 amiche fatte con lo scopo di sollevare l&#8217;umore, disinnescare una bomba emotiva, cercare di aiutare l&#8217;amica in difficolt\u00e0 ad individuare la luce in fondo al tunnel.<\/p>\n\n\n\n<p class=\"wp-block-paragraph\">Il caso di ieri sera era del genere: il mio principe azzurro<\/p>\n\n\n\n<p class=\"wp-block-paragraph\">Disperata perch\u00e9 lasciata da un uomo che non ha attenzioni per lei, che non \u00e8 presente, che non partecipa alla vita di casa, che non la fa sentire donna, che coglie ogni occasione per sminuirla, che metodicamente dice e fa cose che mirano a diminuire la sua autostima, che sempre e comunque ogni situazione \u00e8 colpa di lei.<\/p>\n\n\n\n<p class=\"wp-block-paragraph\">La frattura fra loro non \u00e8 la prima, \u00e8 una delle tantissime nella loro storia, ma la prima per me da amica che la osserva da vicino: quello che vedo \u00e8 una bambina diventata ragazza e poi donna alla quale \u00e8 stato insegnato che vali solo se hai un compagno, che sei donna solo se hai l&#8217;uomo, che fai le cose giuste solo se sono avallate dall&#8217;uomo.<\/p>\n\n\n\n<p class=\"wp-block-paragraph\">Il fatto che l&#8217;uomo in questione sia un vero coglione \u00e8 un dettaglio ampiamente trascurabile<\/p>\n\n\n\n<p class=\"wp-block-paragraph\">La cosa assurda \u00e8 che l&#8217;amica in questione ha una preparazione universitaria, un percorso lavorativo indipendente, amiche, un figlio ma di fronte a lui diventa uno di quei personaggi di epoche passate perde totalmente la lucidit\u00e0 del pensiero<\/p>\n\n\n\n<p class=\"wp-block-paragraph\">Dovrebbero accompagnare tutte le fiabe che parlano di principi di un bugiardino che ne spieghi i possibili effetti collaterali.<\/p>\n\n\n\n<p class=\"wp-block-paragraph\">Nel mio caso dopo la cura dell&#8217;Imbecille ne sono diventata totalmente immune<\/p>\n\n\n\n<p class=\"wp-block-paragraph\">Micol Morelli<\/p>\n\n\n\n<p class=\"wp-block-paragraph\">totalmenteimmunedaprincipiimbecilli<\/p>\n","protected":false},"excerpt":{"rendered":"<p>Istruzioni per l&#8217;uso: posologia e controindicazioni Questo imprinting forzato imposto al mondo femminile dell&#8217;esistenza del principe azzurro \u00e8 in grado di forgiare categorie diverse di donne: quelle che credono quelle che non credono Un po&#8217; come il concetto<\/p>\n","protected":false},"author":1,"featured_media":551,"comment_status":"open","ping_status":"open","sticky":false,"template":"","format":"standard","meta":{"_jetpack_newsletter_access":"","_jetpack_dont_email_post_to_subs":false,"_jetpack_newsletter_tier_id":0,"_jetpack_memberships_contains_paywalled_content":false,"_jetpack_feature_clip_id":0,"_jetpack_memberships_contains_paid_content":false,"footnotes":"","jetpack_publicize_message":"","jetpack_publicize_feature_enabled":true,"jetpack_social_post_already_shared":true,"jetpack_social_options":{"image_generator_settings":{"template":"highway","default_image_id":0,"font":"","enabled":false},"version":2},"jetpack_post_was_ever_published":false},"categories":[14,75],"tags":[85,86],"class_list":["post-549","post","type-post","status-publish","format-standard","has-post-thumbnail","hentry","category-imbecille","category-lividi","tag-amiche","tag-inganni"],"jetpack_publicize_connections":[],"jetpack_sharing_enabled":true,"jetpack_shortlink":"https:\/\/wp.me\/paarzV-8R","jetpack_featured_media_url":"https:\/\/i0.wp.com\/caderefamale.it\/wp-content\/uploads\/2019\/01\/salvataggio-12-aprile-2017-4332-e1547316980449.jpg?fit=4160%2C2336&ssl=1","_links":{"self":[{"href":"https:\/\/caderefamale.it\/index.php?rest_route=\/wp\/v2\/posts\/549","targetHints":{"allow":["GET"]}}],"collection":[{"href":"https:\/\/caderefamale.it\/index.php?rest_route=\/wp\/v2\/posts"}],"about":[{"href":"https:\/\/caderefamale.it\/index.php?rest_route=\/wp\/v2\/types\/post"}],"author":[{"embeddable":true,"href":"https:\/\/caderefamale.it\/index.php?rest_route=\/wp\/v2\/users\/1"}],"replies":[{"embeddable":true,"href":"https:\/\/caderefamale.it\/index.php?rest_route=%2Fwp%2Fv2%2Fcomments&post=549"}],"version-history":[{"count":2,"href":"https:\/\/caderefamale.it\/index.php?rest_route=\/wp\/v2\/posts\/549\/revisions"}],"predecessor-version":[{"id":553,"href":"https:\/\/caderefamale.it\/index.php?rest_route=\/wp\/v2\/posts\/549\/revisions\/553"}],"wp:featuredmedia":[{"embeddable":true,"href":"https:\/\/caderefamale.it\/index.php?rest_route=\/wp\/v2\/media\/551"}],"wp:attachment":[{"href":"https:\/\/caderefamale.it\/index.php?rest_route=%2Fwp%2Fv2%2Fmedia&parent=549"}],"wp:term":[{"taxonomy":"category","embeddable":true,"href":"https:\/\/caderefamale.it\/index.php?rest_route=%2Fwp%2Fv2%2Fcategories&post=549"},{"taxonomy":"post_tag","embeddable":true,"href":"https:\/\/caderefamale.it\/index.php?rest_route=%2Fwp%2Fv2%2Ftags&post=549"}],"curies":[{"name":"wp","href":"https:\/\/api.w.org\/{rel}","templated":true}]}}