{"id":55,"date":"2015-11-24T16:59:00","date_gmt":"2015-11-24T16:59:00","guid":{"rendered":"https:\/\/caderefamale.it\/2015\/11\/24\/sbucciature\/"},"modified":"2015-11-24T16:59:00","modified_gmt":"2015-11-24T16:59:00","slug":"sbucciature","status":"publish","type":"post","link":"https:\/\/caderefamale.it\/?p=55","title":{"rendered":"Sbucciature.."},"content":{"rendered":"<div dir=\"ltr\" style=\"text-align: left;\">Sono i particolari, le piccole cose che fanno la differenza.<\/p>\n<p>Osservo aspetti della vita che si possono considerare marginali, ma che sono gli stessi che mi strappano un sorriso o una lacrima.<\/p>\n<p>Una nuova foglia sulla piantina che ho fatto nascere dal seme mi fa sorridere,<br \/>scoprire, guardando un social, di non essere stata considerata da una amica per un concerto mi fa sentire..triste.<br \/><a href=\"https:\/\/encrypted-tbn2.gstatic.com\/images?q=tbn:ANd9GcS6FN_Eo8WfxAWzwRBlLrVALX7WiEl9k5sy5_ZGmTx_1DjBfl5z\" style=\"clear: right; float: right; margin-bottom: 1em; margin-left: 1em;\"><img decoding=\"async\" alt=\"Risultati immagini per cerotti\" border=\"0\" src=\"https:\/\/encrypted-tbn2.gstatic.com\/images?q=tbn:ANd9GcS6FN_Eo8WfxAWzwRBlLrVALX7WiEl9k5sy5_ZGmTx_1DjBfl5z\" \/><\/a><br \/>La spruzzata di neve sulle punte del monte aprendo le finestre \u00e8 gioia, veder scivolare la possibilit\u00e0 di passare una serata fra le tue braccia \u00e8 ..triste<\/p>\n<p>Il profumo dei biscotti che cuociono in forno \u00e8 calore, il grazie che non \u00e8 arrivato \u00e8..scontato<\/p>\n<p>La delusione \u00e8 pi\u00f9 grande quanto arriva da vicino per una questione di aspettative.<\/p>\n<p>Cresco e non imparo, sono recidiva, continuo a guardare il mondo con occhi da bambina.<\/p>\n<p>Corro incontro alla vita e invece delle ginocchia mi sbuccio i sentimenti.<\/p>\n<p>Micol Morelli<br \/>piccolesbucciature<br \/>caderefamale.blogspot.it<\/p>\n<\/div>\n","protected":false},"excerpt":{"rendered":"<p>Sono i particolari, le piccole cose che fanno la differenza. Osservo aspetti della vita che si possono considerare marginali, ma che sono gli stessi che mi strappano un sorriso o una lacrima. Una nuova foglia sulla piantina che<\/p>\n","protected":false},"author":2,"featured_media":0,"comment_status":"open","ping_status":"open","sticky":false,"template":"","format":"standard","meta":{"_jetpack_newsletter_access":"","_jetpack_dont_email_post_to_subs":false,"_jetpack_newsletter_tier_id":0,"_jetpack_memberships_contains_paywalled_content":false,"_jetpack_feature_clip_id":0,"_jetpack_memberships_contains_paid_content":false,"footnotes":"","jetpack_publicize_message":"","jetpack_publicize_feature_enabled":true,"jetpack_social_post_already_shared":false,"jetpack_social_options":{"image_generator_settings":{"template":"highway","default_image_id":0,"font":"","enabled":false},"version":2},"jetpack_post_was_ever_published":false},"categories":[9],"tags":[],"class_list":["post-55","post","type-post","status-publish","format-standard","hentry","category-riflessioni"],"jetpack_publicize_connections":[],"jetpack_sharing_enabled":true,"jetpack_shortlink":"https:\/\/wp.me\/paarzV-T","jetpack_featured_media_url":"","_links":{"self":[{"href":"https:\/\/caderefamale.it\/index.php?rest_route=\/wp\/v2\/posts\/55","targetHints":{"allow":["GET"]}}],"collection":[{"href":"https:\/\/caderefamale.it\/index.php?rest_route=\/wp\/v2\/posts"}],"about":[{"href":"https:\/\/caderefamale.it\/index.php?rest_route=\/wp\/v2\/types\/post"}],"author":[{"embeddable":true,"href":"https:\/\/caderefamale.it\/index.php?rest_route=\/wp\/v2\/users\/2"}],"replies":[{"embeddable":true,"href":"https:\/\/caderefamale.it\/index.php?rest_route=%2Fwp%2Fv2%2Fcomments&post=55"}],"version-history":[{"count":0,"href":"https:\/\/caderefamale.it\/index.php?rest_route=\/wp\/v2\/posts\/55\/revisions"}],"wp:attachment":[{"href":"https:\/\/caderefamale.it\/index.php?rest_route=%2Fwp%2Fv2%2Fmedia&parent=55"}],"wp:term":[{"taxonomy":"category","embeddable":true,"href":"https:\/\/caderefamale.it\/index.php?rest_route=%2Fwp%2Fv2%2Fcategories&post=55"},{"taxonomy":"post_tag","embeddable":true,"href":"https:\/\/caderefamale.it\/index.php?rest_route=%2Fwp%2Fv2%2Ftags&post=55"}],"curies":[{"name":"wp","href":"https:\/\/api.w.org\/{rel}","templated":true}]}}