{"id":60,"date":"2015-10-20T16:05:00","date_gmt":"2015-10-20T16:05:00","guid":{"rendered":"https:\/\/caderefamale.it\/2015\/10\/20\/brescianita-in-diminuzione\/"},"modified":"2015-10-20T16:05:00","modified_gmt":"2015-10-20T16:05:00","slug":"brescianita-in-diminuzione","status":"publish","type":"post","link":"https:\/\/caderefamale.it\/?p=60","title":{"rendered":"brescianit\u00e0 in diminuzione?"},"content":{"rendered":"<div dir=\"ltr\" style=\"text-align: left;\">Fine settimana a Brescia<br \/>non mi aspettavo tutto quel freddo, io non ho ancora fatto il cambio degli armadi ed ho comprato solo scarpe, non maglioni cappotti e piumini<\/p>\n<p><a href=\"https:\/\/encrypted-tbn0.gstatic.com\/images?q=tbn:ANd9GcQBobtRAjCVsEKmPS6fW3kYIbo-Crjrj5BLZ5Fcpk-PBuo414bw2g\" style=\"clear: right; float: right; margin-bottom: 1em; margin-left: 1em;\"><img decoding=\"async\" alt=\"Risultati immagini per brescia\" border=\"0\" height=\"138\" src=\"https:\/\/encrypted-tbn0.gstatic.com\/images?q=tbn:ANd9GcQBobtRAjCVsEKmPS6fW3kYIbo-Crjrj5BLZ5Fcpk-PBuo414bw2g\" width=\"200\" \/><\/a>Venerd\u00ec sera in giro per locali, avvolta in uno sciarpone nero gigante ma non sufficiente a tenere lontano il freddo.<\/p>\n<p>Sabato pomeriggio in un mega negozio\/magazzino a cercare una sella assieme ad un caro amico (ora so un sacco di cose sulle selle, sui finimenti e sulla follia dei biscotti alla banana per cavalli), chiaramente magazzino senza riscaldamento.<\/p>\n<p>Tornata a casa mi sono infilata nella doccia nuova della mamma quella con il soffione gigante e sono stata sotto l&#8217;acqua calda per 20&#8242;.<\/p>\n<p>Sabato sera altri locali (questa volta pi\u00f9 coperta)<br \/>Ma niente da fare..<br \/>febbre arrivata<br \/>raffreddore in corso<br \/>colpi di tosse continui<\/p>\n<p>O ho perso un po&#8217; di brescianit\u00e0, oppure non ho pi\u00f9 il fisico.<\/p>\n<p>Micol Morelli<br \/>eteci\u00f9\u00f9\u00f9<br \/>caderefamale.blogspot.it<\/p>\n<\/div>\n","protected":false},"excerpt":{"rendered":"<p>Fine settimana a Brescianon mi aspettavo tutto quel freddo, io non ho ancora fatto il cambio degli armadi ed ho comprato solo scarpe, non maglioni cappotti e piumini Venerd\u00ec sera in giro per locali, avvolta in uno sciarpone<\/p>\n","protected":false},"author":2,"featured_media":0,"comment_status":"open","ping_status":"open","sticky":false,"template":"","format":"standard","meta":{"_jetpack_newsletter_access":"","_jetpack_dont_email_post_to_subs":false,"_jetpack_newsletter_tier_id":0,"_jetpack_memberships_contains_paywalled_content":false,"_jetpack_feature_clip_id":0,"_jetpack_memberships_contains_paid_content":false,"footnotes":"","jetpack_publicize_message":"","jetpack_publicize_feature_enabled":true,"jetpack_social_post_already_shared":false,"jetpack_social_options":{"image_generator_settings":{"template":"highway","default_image_id":0,"font":"","enabled":false},"version":2},"jetpack_post_was_ever_published":false},"categories":[11],"tags":[],"class_list":["post-60","post","type-post","status-publish","format-standard","hentry","category-quotidianita"],"jetpack_publicize_connections":[],"jetpack_sharing_enabled":true,"jetpack_shortlink":"https:\/\/wp.me\/paarzV-Y","jetpack_featured_media_url":"","_links":{"self":[{"href":"https:\/\/caderefamale.it\/index.php?rest_route=\/wp\/v2\/posts\/60","targetHints":{"allow":["GET"]}}],"collection":[{"href":"https:\/\/caderefamale.it\/index.php?rest_route=\/wp\/v2\/posts"}],"about":[{"href":"https:\/\/caderefamale.it\/index.php?rest_route=\/wp\/v2\/types\/post"}],"author":[{"embeddable":true,"href":"https:\/\/caderefamale.it\/index.php?rest_route=\/wp\/v2\/users\/2"}],"replies":[{"embeddable":true,"href":"https:\/\/caderefamale.it\/index.php?rest_route=%2Fwp%2Fv2%2Fcomments&post=60"}],"version-history":[{"count":0,"href":"https:\/\/caderefamale.it\/index.php?rest_route=\/wp\/v2\/posts\/60\/revisions"}],"wp:attachment":[{"href":"https:\/\/caderefamale.it\/index.php?rest_route=%2Fwp%2Fv2%2Fmedia&parent=60"}],"wp:term":[{"taxonomy":"category","embeddable":true,"href":"https:\/\/caderefamale.it\/index.php?rest_route=%2Fwp%2Fv2%2Fcategories&post=60"},{"taxonomy":"post_tag","embeddable":true,"href":"https:\/\/caderefamale.it\/index.php?rest_route=%2Fwp%2Fv2%2Ftags&post=60"}],"curies":[{"name":"wp","href":"https:\/\/api.w.org\/{rel}","templated":true}]}}