{"id":884,"date":"2020-06-06T17:01:39","date_gmt":"2020-06-06T17:01:39","guid":{"rendered":"https:\/\/caderefamale.it\/?p=884"},"modified":"2020-06-06T17:01:39","modified_gmt":"2020-06-06T17:01:39","slug":"frammenti-di-memoria","status":"publish","type":"post","link":"https:\/\/caderefamale.it\/?p=884","title":{"rendered":"Frammenti di memoria"},"content":{"rendered":"\n<h3 class=\"wp-block-heading\">Basta la voce e i ricordi appaiono<\/h3>\n\n\n\n<figure class=\"wp-block-image size-large is-style-rounded\"><img data-recalc-dims=\"1\" fetchpriority=\"high\" decoding=\"async\" width=\"225\" height=\"225\" src=\"https:\/\/i0.wp.com\/caderefamale.it\/wp-content\/uploads\/2020\/06\/labbra-rossetto.jpg?resize=225%2C225&#038;ssl=1\" alt=\"\" class=\"wp-image-892\" srcset=\"https:\/\/i0.wp.com\/caderefamale.it\/wp-content\/uploads\/2020\/06\/labbra-rossetto.jpg?w=225&amp;ssl=1 225w, https:\/\/i0.wp.com\/caderefamale.it\/wp-content\/uploads\/2020\/06\/labbra-rossetto.jpg?resize=150%2C150&amp;ssl=1 150w\" sizes=\"(max-width: 225px) 100vw, 225px\" \/><figcaption>frammenti di memoria<\/figcaption><\/figure>\n\n\n\n<p class=\"wp-block-paragraph\">In questo strano periodo di quarantena ho pensato a tante cose legate al passato e alle scelte fatte nel miscuglio della mia vita. Il ricordo del &#8220;fidanzato intelligente&#8221; si \u00e8 fatto spazio e gli ho mandato un vocale per fargli sapere che lo stavo pensando e desideravo sapere come stava.<\/p>\n\n\n\n<p class=\"wp-block-paragraph\">Premesso che non ci scambiavamo messaggi da almeno un paio di anni e normalmente sono sempre stata io a contattarlo per auguri o un saluto.<\/p>\n\n\n\n<p class=\"wp-block-paragraph\">Mi ha risposto con un messaggio dicendomi semplicemente che era tutto a posto.<\/p>\n\n\n\n<p class=\"wp-block-paragraph\">Oggi dopo diversi giorni da questo fatto di punto in bianco mi ha chiamata.<\/p>\n\n\n\n<p class=\"wp-block-paragraph\">E&#8217; stato bello<\/p>\n\n\n\n<p class=\"wp-block-paragraph\">Sentire la sua voce, che ho sempre adorato, mi ha riportato ad una epoca passata, a giorni, pensieri, opportunit\u00e0 passate.<\/p>\n\n\n\n<p class=\"wp-block-paragraph\">E&#8217; stata una conversazione tranquilla, un aggiornamento delle nostre pre-vite, quindi domande su coloro che esistevano gi\u00e0 nelle nostre vite quando stavamo assieme, nulla su chi appartiene alle nostre vite oggi.<\/p>\n\n\n\n<p class=\"wp-block-paragraph\">Sicuramente ha una compagna, immagino uno o pi\u00f9 figli, \u00e8 solo una ipotesi nessuno \u00e8 sceso nei particolari.<\/p>\n\n\n\n<p class=\"wp-block-paragraph\">Nelle poche cose che ci siamo detti ha confermato quello che ho sempre pensato di lui:<\/p>\n\n\n\n<ul class=\"wp-block-list\"><li>una persona di sostanza, <\/li><li>introspettiva<\/li><li>determinata <\/li><\/ul>\n\n\n\n<p class=\"wp-block-paragraph\">Sono certa che la persona che si \u00e8 scelto sia una ragazza fortunata, che i suoi figli conosceranno un padre presente, amorevole, divertente.<\/p>\n\n\n\n<p class=\"wp-block-paragraph\">Il suono della voce mi ha riportata al passato, all&#8217;universit\u00e0, alle vacanze in Grecia, a due ragazzi che imparavano a crescere. Crescevamo a due velocit\u00e0 diverse lui pi\u00f9 adulto di me, io decisamente pi\u00f9 immatura superficiale ed egocentrica.<\/p>\n\n\n\n<p class=\"wp-block-paragraph\">Indietro non si torna, la vita insegna a &#8220;fare tesoro e proseguire&#8221;.<\/p>\n\n\n\n<p class=\"wp-block-paragraph\">Ci sono dei momenti speciali nei quali tutto pu\u00f2 cambiare, la direzione che prendi in quel singolo momento ti cambier\u00e0 per sempre.<\/p>\n\n\n\n<p class=\"wp-block-paragraph\">Ti auguro il meglio della vita.<\/p>\n\n\n\n<p class=\"wp-block-paragraph\">Una sola cosa mi piacerebbe poter avere: l&#8217;amicizia<\/p>\n\n\n\n<p class=\"wp-block-paragraph\">Vorrei poterti avere come amico, il tempo vissuto assieme \u00e8 stato importante, il sentimento \u00e8 cambiato ma la stima, l&#8217;affetto sono immutati.<\/p>\n\n\n\n<p class=\"wp-block-paragraph\">Parlare liberamente, di tutto come abbiamo sempre fatto. <\/p>\n\n\n\n<p class=\"wp-block-paragraph\">Vorrei un ruolo da Semplice Conoscente (tu sai che a cosa mi riferisco)<\/p>\n\n\n\n<p class=\"wp-block-paragraph\"><\/p>\n","protected":false},"excerpt":{"rendered":"<p>Basta la voce e i ricordi appaiono In questo strano periodo di quarantena ho pensato a tante cose legate al passato e alle scelte fatte nel miscuglio della mia vita. Il ricordo del &#8220;fidanzato intelligente&#8221; si \u00e8 fatto<\/p>\n","protected":false},"author":1,"featured_media":0,"comment_status":"open","ping_status":"open","sticky":true,"template":"","format":"standard","meta":{"_jetpack_newsletter_access":"","_jetpack_dont_email_post_to_subs":false,"_jetpack_newsletter_tier_id":0,"_jetpack_memberships_contains_paywalled_content":false,"_jetpack_feature_clip_id":0,"_jetpack_memberships_contains_paid_content":false,"footnotes":"","jetpack_publicize_message":"","jetpack_publicize_feature_enabled":true,"jetpack_social_post_already_shared":true,"jetpack_social_options":{"image_generator_settings":{"template":"highway","default_image_id":0,"font":"","enabled":false},"version":2},"jetpack_post_was_ever_published":false},"categories":[88,1],"tags":[96],"class_list":["post-884","post","type-post","status-publish","format-standard","hentry","category-le-teorie-di-micol","category-uncategorized","tag-ricordi"],"jetpack_publicize_connections":[],"jetpack_sharing_enabled":true,"jetpack_shortlink":"https:\/\/wp.me\/paarzV-eg","jetpack_featured_media_url":"","_links":{"self":[{"href":"https:\/\/caderefamale.it\/index.php?rest_route=\/wp\/v2\/posts\/884","targetHints":{"allow":["GET"]}}],"collection":[{"href":"https:\/\/caderefamale.it\/index.php?rest_route=\/wp\/v2\/posts"}],"about":[{"href":"https:\/\/caderefamale.it\/index.php?rest_route=\/wp\/v2\/types\/post"}],"author":[{"embeddable":true,"href":"https:\/\/caderefamale.it\/index.php?rest_route=\/wp\/v2\/users\/1"}],"replies":[{"embeddable":true,"href":"https:\/\/caderefamale.it\/index.php?rest_route=%2Fwp%2Fv2%2Fcomments&post=884"}],"version-history":[{"count":3,"href":"https:\/\/caderefamale.it\/index.php?rest_route=\/wp\/v2\/posts\/884\/revisions"}],"predecessor-version":[{"id":893,"href":"https:\/\/caderefamale.it\/index.php?rest_route=\/wp\/v2\/posts\/884\/revisions\/893"}],"wp:attachment":[{"href":"https:\/\/caderefamale.it\/index.php?rest_route=%2Fwp%2Fv2%2Fmedia&parent=884"}],"wp:term":[{"taxonomy":"category","embeddable":true,"href":"https:\/\/caderefamale.it\/index.php?rest_route=%2Fwp%2Fv2%2Fcategories&post=884"},{"taxonomy":"post_tag","embeddable":true,"href":"https:\/\/caderefamale.it\/index.php?rest_route=%2Fwp%2Fv2%2Ftags&post=884"}],"curies":[{"name":"wp","href":"https:\/\/api.w.org\/{rel}","templated":true}]}}