{"id":93,"date":"2014-11-26T08:47:00","date_gmt":"2014-11-26T08:47:00","guid":{"rendered":"https:\/\/caderefamale.it\/2014\/11\/26\/regali-di-compleanno-2\/"},"modified":"2014-11-26T08:47:00","modified_gmt":"2014-11-26T08:47:00","slug":"regali-di-compleanno-2","status":"publish","type":"post","link":"https:\/\/caderefamale.it\/?p=93","title":{"rendered":"Regali di compleanno"},"content":{"rendered":"<div dir=\"ltr\" style=\"text-align: left;\">Mancano pochi giorni<br \/>cosa vorrei come regalo di compleanno:<br \/>&#8211; la determinazione di svegliarmi presto e fare ginnastica<br \/>&#8211; la capacit\u00e0 di mandare a fanculo la gente sempre e comunque<br \/>&#8211; la capacit\u00e0 di perdonarmi per errori fatti<br \/>&#8211; la serenit\u00e0 di vivere di godere della vita senza essere intralciata da mille ostacoli<br \/>&#8211; una piccola vacanza con chi amo<br \/>&#8211; un pozione per far sparire i capelli bianchi gi\u00e0 che ci sono anche che tonifichi e rassodi tutto il corpo senza sforzo<br \/>&#8211; il conto in banca che si ricarica da solo<br \/>&#8211; qualche sera a teatro<br \/>&#8211; un viaggio alle Maldive<br \/>&#8211; tempo, capacit\u00e0 e voglia per far vivere &#8220;Jack e Gertrude&#8221;<br \/>&#8211; vivere oggi e domani e dopodomani con gioia energia e passione<br \/>&#8211; averti nel letto la mattina anche la notte anche la sera<br \/>&#8211; imparare a scegliere con razionalit\u00e0 e fortuna<br \/>&#8211; rimanere entusiasta della vita come sono sempre stata<br \/>&#8211; un branch di sabato o domenica mattina in compagnia silenziosa leggendo giornali bevendo caff\u00e8<br \/>&#8211; continuare a credere e a sognare<br \/>&#8211; non mi dispiacerebbe neanche l&#8217;economia degli anni &#8217;80<\/p>\n<p>Per gli auguri me li far\u00f2 il giorno giusto \ud83d\ude09<\/p>\n<p>Micol Morelli aspettandoevivendo<br \/>caderefamale.blogspot.it<\/div>\n","protected":false},"excerpt":{"rendered":"<p>Mancano pochi giornicosa vorrei come regalo di compleanno:&#8211; la determinazione di svegliarmi presto e fare ginnastica&#8211; la capacit\u00e0 di mandare a fanculo la gente sempre e comunque&#8211; la capacit\u00e0 di perdonarmi per errori fatti&#8211; la serenit\u00e0 di vivere<\/p>\n","protected":false},"author":2,"featured_media":0,"comment_status":"open","ping_status":"open","sticky":false,"template":"","format":"standard","meta":{"_jetpack_newsletter_access":"","_jetpack_dont_email_post_to_subs":false,"_jetpack_newsletter_tier_id":0,"_jetpack_memberships_contains_paywalled_content":false,"_jetpack_feature_clip_id":0,"_jetpack_memberships_contains_paid_content":false,"footnotes":"","jetpack_publicize_message":"","jetpack_publicize_feature_enabled":true,"jetpack_social_post_already_shared":false,"jetpack_social_options":{"image_generator_settings":{"template":"highway","default_image_id":0,"font":"","enabled":false},"version":2},"jetpack_post_was_ever_published":false},"categories":[9],"tags":[],"class_list":["post-93","post","type-post","status-publish","format-standard","hentry","category-riflessioni"],"jetpack_publicize_connections":[],"jetpack_sharing_enabled":true,"jetpack_shortlink":"https:\/\/wp.me\/paarzV-1v","jetpack_featured_media_url":"","_links":{"self":[{"href":"https:\/\/caderefamale.it\/index.php?rest_route=\/wp\/v2\/posts\/93","targetHints":{"allow":["GET"]}}],"collection":[{"href":"https:\/\/caderefamale.it\/index.php?rest_route=\/wp\/v2\/posts"}],"about":[{"href":"https:\/\/caderefamale.it\/index.php?rest_route=\/wp\/v2\/types\/post"}],"author":[{"embeddable":true,"href":"https:\/\/caderefamale.it\/index.php?rest_route=\/wp\/v2\/users\/2"}],"replies":[{"embeddable":true,"href":"https:\/\/caderefamale.it\/index.php?rest_route=%2Fwp%2Fv2%2Fcomments&post=93"}],"version-history":[{"count":0,"href":"https:\/\/caderefamale.it\/index.php?rest_route=\/wp\/v2\/posts\/93\/revisions"}],"wp:attachment":[{"href":"https:\/\/caderefamale.it\/index.php?rest_route=%2Fwp%2Fv2%2Fmedia&parent=93"}],"wp:term":[{"taxonomy":"category","embeddable":true,"href":"https:\/\/caderefamale.it\/index.php?rest_route=%2Fwp%2Fv2%2Fcategories&post=93"},{"taxonomy":"post_tag","embeddable":true,"href":"https:\/\/caderefamale.it\/index.php?rest_route=%2Fwp%2Fv2%2Ftags&post=93"}],"curies":[{"name":"wp","href":"https:\/\/api.w.org\/{rel}","templated":true}]}}